{"id":29340,"date":"2022-07-12T19:53:37","date_gmt":"2022-07-13T00:53:37","guid":{"rendered":"https:\/\/encuentroinformativo.com.mx\/?p=29340"},"modified":"2022-07-12T19:53:41","modified_gmt":"2022-07-13T00:53:41","slug":"lea-y-la-sangre-mexicana","status":"publish","type":"post","link":"https:\/\/encuentroinformativo.com.mx\/?p=29340","title":{"rendered":"LEA y la sangre mexicana"},"content":{"rendered":"\n<p><strong>Revelaciones<\/strong><br><br><strong>Margarito Escudero Luis<\/strong><\/p>\n\n\n\n<p>Recuerdo perfectamente el d\u00eda en que Gustavo D\u00edaz Ordaz inaugur\u00f3 los Juegos Ol\u00edmpicos de 1968, el que les escribe ten\u00eda apenas 12 a\u00f1os de edad.<\/p>\n\n\n\n<p>Aquel 12 de octubre, corr\u00ed a las dos de la tarde a mi escuela primaria (que se encontraba a media cuadra de la casa), para recibir mi Carta de Buena Conducta. Egresaba del sexto a\u00f1o.<\/p>\n\n\n\n<p>Y digo que fui corriendo, pues no quer\u00eda perderme la inauguraci\u00f3n de aquellos juegos, de los que luego comprend\u00ed que estaban manchados por la violencia y el autoritarismo del gobierno.<\/p>\n\n\n\n<p>Era un ni\u00f1o, as\u00ed que descubrir luego que lo acontecido 10 d\u00edas antes en la Plaza de las Tres Culturas en Tlatelolco fue impactante, porque de pronto el ser estudiante era sin\u00f3nimo de ser delincuente.<\/p>\n\n\n\n<p>As\u00ed pas\u00e9 a la secundaria. Iniciando la d\u00e9cada de los 70\u2019s, Luis Echeverr\u00eda \u00c1lvarez se hizo presidente de la Rep\u00fablica, sucesor de Gustavo D\u00edaz Ordaz, ambos se\u00f1alados como los ejecutores de la matanza del Dos de Octubre.<\/p>\n\n\n\n<p>Cosas de la pol\u00edtica. Echeverr\u00eda busc\u00f3 a toda costa congraciarse con los estudiantes, sobre todo con los m\u00e1s j\u00f3venes, secundarianos, preparatorianos y aquellos que iniciaban la universidad.<\/p>\n\n\n\n<p>Recuerdo que en Minatitl\u00e1n se anunci\u00f3 que el presidente colocar\u00eda la primera piedra de lo que ser\u00eda el Instituto Tecnol\u00f3gico, las autoridades de nuestra escuela se prepararon para quedar bien con el mandatario y con las autoridades locales, nos usaron para hacer bulto y echarle porras a Echeverr\u00eda. Con dos peque\u00f1as tablas redondas adaptadas a las manos, las golpe\u00e1bamos entre s\u00ed para que los aplausos se escucharan m\u00e1s fuerte.<\/p>\n\n\n\n<p>Eran tiempos del autoritarismo y la represi\u00f3n. Un compa\u00f1ero invent\u00f3 una porra que dec\u00eda: \u201c\u00a1Ser\u00e1 mel\u00f3n, ser\u00e1 sand\u00eda, ser\u00e1 el pel\u00f3n de Echeverr\u00eda!\u201d; todos festejamos la ocurrencia, sucedi\u00f3 entre los ensayos y alg\u00fan maestro lo escuch\u00f3 y llev\u00f3 el chisme a la direcci\u00f3n.<\/p>\n\n\n\n<p>La \u201cindignaci\u00f3n\u201d del director fue tremenda. \u00bfC\u00f3mo se atrev\u00eda un jovenzuelo a ofender al asesino?, \u00a1Perd\u00f3n! \u00a1Al presidente! Quise decir.<\/p>\n\n\n\n<p>Entonces, aquel compa\u00f1ero fue expulsado por tres d\u00edas de la secundaria y deb\u00eda llevar a sus padres cuando regresara. As\u00ed el autoritarismo de la \u00e9poca, as\u00ed la ceguera de aquellos maestros que su \u00fanico fin era quedar bien con aquellas autoridades.<\/p>\n\n\n\n<p>Finalmente el Instituto Tecnol\u00f3gico se ech\u00f3 a andar y, \u00a1faltaba m\u00e1s! Los primeros estudiantes le pidieron al presidente Echeverr\u00eda un autob\u00fas para hacer aquellos llamados \u201cviajes de estudios\u201d.<\/p>\n\n\n\n<p>Por supuesto que Echeverr\u00eda se los dio, eran tiempos de quedar bien con la juventud en un burdo intento por esconder la masacre del 68 que, para la mala suerte de Luis Echeverr\u00eda, se le repiti\u00f3 el 10 de junio de 1971 con el tristemente recordado \u201chalconazo\u201d.<\/p>\n\n\n\n<p>Luis Echeverr\u00eda \u00c1lvarez falleci\u00f3 hace unos d\u00edas a los cien a\u00f1os de edad. Despu\u00e9s de su administraci\u00f3n vivi\u00f3 con el estigma de ser un asesino, perseguidor de guerrilleros y de comunistas con la llamada \u201cguerra sucia\u201d. Un sexenio, como otros tantos, manchado de sangre mexicana.<\/p>\n","protected":false},"excerpt":{"rendered":"<p>Revelaciones Margarito Escudero Luis Recuerdo perfectamente el d\u00eda en que Gustavo D\u00edaz Ordaz inaugur\u00f3 los Juegos Ol\u00edmpicos de 1968, el que les escribe ten\u00eda apenas 12 a\u00f1os de edad. Aquel 12 de octubre, corr\u00ed a las dos de la tarde a mi escuela primaria (que se encontraba a media cuadra de la casa), para recibir [&hellip;]<\/p>\n","protected":false},"author":1,"featured_media":387,"comment_status":"open","ping_status":"open","sticky":false,"template":"","format":"standard","meta":{"_jetpack_memberships_contains_paid_content":false,"footnotes":""},"categories":[11],"tags":[],"class_list":["post-29340","post","type-post","status-publish","format-standard","has-post-thumbnail","hentry","category-opinion"],"jetpack_featured_media_url":"https:\/\/encuentroinformativo.com.mx\/wp-content\/uploads\/2020\/03\/7CF8A22B-2764-47BE-8F7F-38FE9E5D6A2F.jpeg","jetpack_sharing_enabled":true,"jetpack_likes_enabled":true,"amp_enabled":true,"_links":{"self":[{"href":"https:\/\/encuentroinformativo.com.mx\/index.php?rest_route=\/wp\/v2\/posts\/29340","targetHints":{"allow":["GET"]}}],"collection":[{"href":"https:\/\/encuentroinformativo.com.mx\/index.php?rest_route=\/wp\/v2\/posts"}],"about":[{"href":"https:\/\/encuentroinformativo.com.mx\/index.php?rest_route=\/wp\/v2\/types\/post"}],"author":[{"embeddable":true,"href":"https:\/\/encuentroinformativo.com.mx\/index.php?rest_route=\/wp\/v2\/users\/1"}],"replies":[{"embeddable":true,"href":"https:\/\/encuentroinformativo.com.mx\/index.php?rest_route=%2Fwp%2Fv2%2Fcomments&post=29340"}],"version-history":[{"count":1,"href":"https:\/\/encuentroinformativo.com.mx\/index.php?rest_route=\/wp\/v2\/posts\/29340\/revisions"}],"predecessor-version":[{"id":29341,"href":"https:\/\/encuentroinformativo.com.mx\/index.php?rest_route=\/wp\/v2\/posts\/29340\/revisions\/29341"}],"wp:featuredmedia":[{"embeddable":true,"href":"https:\/\/encuentroinformativo.com.mx\/index.php?rest_route=\/wp\/v2\/media\/387"}],"wp:attachment":[{"href":"https:\/\/encuentroinformativo.com.mx\/index.php?rest_route=%2Fwp%2Fv2%2Fmedia&parent=29340"}],"wp:term":[{"taxonomy":"category","embeddable":true,"href":"https:\/\/encuentroinformativo.com.mx\/index.php?rest_route=%2Fwp%2Fv2%2Fcategories&post=29340"},{"taxonomy":"post_tag","embeddable":true,"href":"https:\/\/encuentroinformativo.com.mx\/index.php?rest_route=%2Fwp%2Fv2%2Ftags&post=29340"}],"curies":[{"name":"wp","href":"https:\/\/api.w.org\/{rel}","templated":true}]}}