{"id":29352,"date":"2022-07-13T10:34:20","date_gmt":"2022-07-13T15:34:20","guid":{"rendered":"https:\/\/encuentroinformativo.com.mx\/?p=29352"},"modified":"2022-07-13T10:34:24","modified_gmt":"2022-07-13T15:34:24","slug":"alcalde-de-nautla-acusa-a-pma-de-cancelar-evento-de-gobernador","status":"publish","type":"post","link":"https:\/\/encuentroinformativo.com.mx\/?p=29352","title":{"rendered":"Alcalde de Nautla acusa a PMA de Cancelar evento de gobernador"},"content":{"rendered":"\n<p><strong>Alejandro \u00c1vila<\/strong><\/p>\n\n\n\n<p>Nautla, Ver.- El alcalde de Nautla, Miguel Verjel V\u00e1zquez, acus\u00f3 a la Procuradur\u00eda de Medio Ambiente (PMA) de cancelarle la visita del gobernador Cuitl\u00e1huac Garc\u00eda Jim\u00e9nez de \u00faltima hora, motivo por el cual no pudo estar en la supervisi\u00f3n de la Planta Tratadora de Aguas Residuales &#8220;La Tortuga&#8221;.<\/p>\n\n\n\n<p>En comunicado enviado la tarde de este martes, se menciona que la PMA se comunic\u00f3 con el presidente municipal la noche del lunes para informarle que la visita del gobernador Cuitl\u00e1huac Garc\u00eda Jim\u00e9nez hab\u00eda sido cancelada, por lo cual el alcalde decidi\u00f3 reacomodar su agenda de trabajo y enfocarse en otros proyectos.<\/p>\n\n\n\n<p>Lamento informarle Se\u00f1or Gobernador, que el d\u00eda de Ayer a las 10:48 pm fui Avisado por parte de la Procuradur\u00eda del Medio Ambiente que su visita a Nuestro municipio ser\u00eda cancelada. Para nuestra Administraci\u00f3n es satisfactorio recibirlo como usted se merece, ten\u00edamos preparada toda la log\u00edstica para recibirlo como se debe recibir a la Autoridad m\u00e1s Importante de nuestro Estado.&nbsp;<\/p>\n\n\n\n<p>En N\u00e1utla esta su casa y la ciudadan\u00eda lo recibir\u00e1 con mucha gratitud cuando usted lo decida, espero que los canales de Comunicaci\u00f3n sean favorables para beneficio de los Veracruzanos que viven en nuestro municipio y aprovech\u00f3 la Ocasi\u00f3n para solicitarle una Audiencia para tratar temas de gran importancia para nuestro municipio.<\/p>\n\n\n\n<p>Medios de comunicaci\u00f3n de la zona reportan que, el gobernador Cuitl\u00e1huac Garc\u00eda Jim\u00e9nez arrib\u00f3 al municipio de Nautla cerca de las 14 horas, d\u00f3nde pregunto en reiteradas ocasiones por el presidente municipal; sin embargo, al haberle cancelado el mencionado evento, este se encontraba en inauguraci\u00f3n de obra en otro punto de la ciudad.<\/p>\n","protected":false},"excerpt":{"rendered":"<p>Alejandro \u00c1vila Nautla, Ver.- El alcalde de Nautla, Miguel Verjel V\u00e1zquez, acus\u00f3 a la Procuradur\u00eda de Medio Ambiente (PMA) de cancelarle la visita del gobernador Cuitl\u00e1huac Garc\u00eda Jim\u00e9nez de \u00faltima hora, motivo por el cual no pudo estar en la supervisi\u00f3n de la Planta Tratadora de Aguas Residuales &#8220;La Tortuga&#8221;. En comunicado enviado la tarde [&hellip;]<\/p>\n","protected":false},"author":1,"featured_media":29353,"comment_status":"open","ping_status":"open","sticky":false,"template":"","format":"standard","meta":{"_jetpack_memberships_contains_paid_content":false,"footnotes":""},"categories":[2],"tags":[],"class_list":["post-29352","post","type-post","status-publish","format-standard","has-post-thumbnail","hentry","category-estado"],"jetpack_featured_media_url":"https:\/\/encuentroinformativo.com.mx\/wp-content\/uploads\/2022\/07\/6335C66E-C2EA-479D-85DF-1C4594167E38.jpeg","jetpack_sharing_enabled":true,"jetpack_likes_enabled":true,"amp_enabled":true,"_links":{"self":[{"href":"https:\/\/encuentroinformativo.com.mx\/index.php?rest_route=\/wp\/v2\/posts\/29352","targetHints":{"allow":["GET"]}}],"collection":[{"href":"https:\/\/encuentroinformativo.com.mx\/index.php?rest_route=\/wp\/v2\/posts"}],"about":[{"href":"https:\/\/encuentroinformativo.com.mx\/index.php?rest_route=\/wp\/v2\/types\/post"}],"author":[{"embeddable":true,"href":"https:\/\/encuentroinformativo.com.mx\/index.php?rest_route=\/wp\/v2\/users\/1"}],"replies":[{"embeddable":true,"href":"https:\/\/encuentroinformativo.com.mx\/index.php?rest_route=%2Fwp%2Fv2%2Fcomments&post=29352"}],"version-history":[{"count":1,"href":"https:\/\/encuentroinformativo.com.mx\/index.php?rest_route=\/wp\/v2\/posts\/29352\/revisions"}],"predecessor-version":[{"id":29354,"href":"https:\/\/encuentroinformativo.com.mx\/index.php?rest_route=\/wp\/v2\/posts\/29352\/revisions\/29354"}],"wp:featuredmedia":[{"embeddable":true,"href":"https:\/\/encuentroinformativo.com.mx\/index.php?rest_route=\/wp\/v2\/media\/29353"}],"wp:attachment":[{"href":"https:\/\/encuentroinformativo.com.mx\/index.php?rest_route=%2Fwp%2Fv2%2Fmedia&parent=29352"}],"wp:term":[{"taxonomy":"category","embeddable":true,"href":"https:\/\/encuentroinformativo.com.mx\/index.php?rest_route=%2Fwp%2Fv2%2Fcategories&post=29352"},{"taxonomy":"post_tag","embeddable":true,"href":"https:\/\/encuentroinformativo.com.mx\/index.php?rest_route=%2Fwp%2Fv2%2Ftags&post=29352"}],"curies":[{"name":"wp","href":"https:\/\/api.w.org\/{rel}","templated":true}]}}