{"id":29355,"date":"2022-07-13T10:38:17","date_gmt":"2022-07-13T15:38:17","guid":{"rendered":"https:\/\/encuentroinformativo.com.mx\/?p=29355"},"modified":"2022-07-13T10:38:20","modified_gmt":"2022-07-13T15:38:20","slug":"remodelaran-carretera-veracruz-el-tejar","status":"publish","type":"post","link":"https:\/\/encuentroinformativo.com.mx\/?p=29355","title":{"rendered":"Remodelar\u00e1n carretera Veracruz &#8211; El Tejar"},"content":{"rendered":"\n<p><strong>Alejandro \u00c1vila<\/strong><\/p>\n\n\n\n<p>Medell\u00edn de Bravo, Ver.- Finalmente y tras varios a\u00f1os de queja por parte de la ciudadan\u00eda, el Ayuntamiento de Medell\u00edn de Bravo con apoyo del Gobierno del Estado de Veracruz, culminar\u00e1 el reencarpetamiento de la carretera Veracruz &#8211; El Tejar.<\/p>\n\n\n\n<p>Este anuncio lo hizo el alcalde Marcos Isle\u00f1o Andrade, durante el banderazo de rehabilitaci\u00f3n del tramo carretero Puente Moreno &#8211; El Tejar, del cual dijo es la primera parte del proyecto, mismo que se realiza con recurso municipal.<\/p>\n\n\n\n<p>En su discurso, el mun\u00edcipe subray\u00f3 que, esta importante obra de infraestructura se llevar\u00e1 a cabo en un tiempo aproximado de un mes y medio, para lo cual los habitantes deber\u00e1n tomar medidas para circular por esta v\u00eda.<\/p>\n\n\n\n<p>\u201cEs una obra que durar\u00e1 aproximadamente mes y medio y en donde se repavimentar\u00e1 un tramo de m\u00e1s de un kil\u00f3metro. Queremos hacer un exhorto a la ciudadan\u00eda para que se mantenga informada a trav\u00e9s de redes sociales y as\u00ed tomen sus precauciones para circular por la zona.\u201d, coment\u00f3.<\/p>\n\n\n\n<p>Luego del banderazo, el cuerpo edilicio supervis\u00f3 el inicio de los trabajos de remoci\u00f3n de asfalto, para posteriormente dejarlo en manos de los encargados de la obra.<\/p>\n\n\n\n<p>Tambi\u00e9n estuvo presente, la presidenta del DIF Municipal, Bertha Isle\u00f1o Andrade, adem\u00e1s de directores de \u00e1rea y colaboradores del Ayuntamiento.<\/p>\n","protected":false},"excerpt":{"rendered":"<p>Alejandro \u00c1vila Medell\u00edn de Bravo, Ver.- Finalmente y tras varios a\u00f1os de queja por parte de la ciudadan\u00eda, el Ayuntamiento de Medell\u00edn de Bravo con apoyo del Gobierno del Estado de Veracruz, culminar\u00e1 el reencarpetamiento de la carretera Veracruz &#8211; El Tejar. Este anuncio lo hizo el alcalde Marcos Isle\u00f1o Andrade, durante el banderazo de [&hellip;]<\/p>\n","protected":false},"author":1,"featured_media":29356,"comment_status":"open","ping_status":"open","sticky":false,"template":"","format":"standard","meta":{"_jetpack_memberships_contains_paid_content":false,"footnotes":""},"categories":[2],"tags":[],"class_list":["post-29355","post","type-post","status-publish","format-standard","has-post-thumbnail","hentry","category-estado"],"jetpack_featured_media_url":"https:\/\/encuentroinformativo.com.mx\/wp-content\/uploads\/2022\/07\/BB9E9000-4061-4832-93EE-6AAAB21288C3.jpeg","jetpack_sharing_enabled":true,"jetpack_likes_enabled":true,"amp_enabled":true,"_links":{"self":[{"href":"https:\/\/encuentroinformativo.com.mx\/index.php?rest_route=\/wp\/v2\/posts\/29355","targetHints":{"allow":["GET"]}}],"collection":[{"href":"https:\/\/encuentroinformativo.com.mx\/index.php?rest_route=\/wp\/v2\/posts"}],"about":[{"href":"https:\/\/encuentroinformativo.com.mx\/index.php?rest_route=\/wp\/v2\/types\/post"}],"author":[{"embeddable":true,"href":"https:\/\/encuentroinformativo.com.mx\/index.php?rest_route=\/wp\/v2\/users\/1"}],"replies":[{"embeddable":true,"href":"https:\/\/encuentroinformativo.com.mx\/index.php?rest_route=%2Fwp%2Fv2%2Fcomments&post=29355"}],"version-history":[{"count":1,"href":"https:\/\/encuentroinformativo.com.mx\/index.php?rest_route=\/wp\/v2\/posts\/29355\/revisions"}],"predecessor-version":[{"id":29357,"href":"https:\/\/encuentroinformativo.com.mx\/index.php?rest_route=\/wp\/v2\/posts\/29355\/revisions\/29357"}],"wp:featuredmedia":[{"embeddable":true,"href":"https:\/\/encuentroinformativo.com.mx\/index.php?rest_route=\/wp\/v2\/media\/29356"}],"wp:attachment":[{"href":"https:\/\/encuentroinformativo.com.mx\/index.php?rest_route=%2Fwp%2Fv2%2Fmedia&parent=29355"}],"wp:term":[{"taxonomy":"category","embeddable":true,"href":"https:\/\/encuentroinformativo.com.mx\/index.php?rest_route=%2Fwp%2Fv2%2Fcategories&post=29355"},{"taxonomy":"post_tag","embeddable":true,"href":"https:\/\/encuentroinformativo.com.mx\/index.php?rest_route=%2Fwp%2Fv2%2Ftags&post=29355"}],"curies":[{"name":"wp","href":"https:\/\/api.w.org\/{rel}","templated":true}]}}