{"id":29358,"date":"2022-07-13T11:05:39","date_gmt":"2022-07-13T16:05:39","guid":{"rendered":"https:\/\/encuentroinformativo.com.mx\/?p=29358"},"modified":"2022-07-13T11:05:42","modified_gmt":"2022-07-13T16:05:42","slug":"atenderan-el-auditorio-benito-juarez","status":"publish","type":"post","link":"https:\/\/encuentroinformativo.com.mx\/?p=29358","title":{"rendered":"Atender\u00e1n el auditorio &#8220;Benito Ju\u00e1rez\u201d"},"content":{"rendered":"\n<p><strong>Alejandro \u00c1vila<\/strong><\/p>\n\n\n\n<p>Boca del R\u00edo, Ver.- Seis a\u00f1os tuvieron que pasar para que finalmente el auditorio &#8220;Benito Ju\u00e1rez&#8221; en la ciudad de Veracruz fuera tomado en cuenta para su rehabilitaci\u00f3n; el titular de la Secretar\u00eda de Finanzas y Planeaci\u00f3n (SEFIPLAN), Jos\u00e9 Luis Lima Franco asegur\u00f3 que, en este 2022 se dispondr\u00e1 de un monto econ\u00f3mico para su remodelaci\u00f3n.<\/p>\n\n\n\n<p>Tras una desaparici\u00f3n del equipo de basquetbol Halcones Rojos en 2016, el recinto fue olvidado, y poco a poco, su infraestructura fue en decadencia; en 2018 el Ayuntamiento de Veracruz presidido por Fernando Yunes M\u00e1rquez, intento adquirirlo en comodato para su rehabilitaci\u00f3n, sin embargo, el Gobierno del Estado atr\u00e1s del DIF Estatal le neg\u00f3 la solicitud.<\/p>\n\n\n\n<p>&#8220;Hay un patr\u00f3n importante que lo ha planteado el gobernador, a pedido que veamos para que se rehabilit\u00e9 el auditorio Benito Ju\u00e1rez, tambi\u00e9n es un tema importante, hoy pertenece al DIF, entonces estamos trabajando coordinadamente con el DIF para dotarle de recursos, ya sea al DIF, o en este caso a la Secretar\u00eda de Obras para que pueda hacer el mantenimiento &#8211; rehabilitaci\u00f3n del auditorio Benito Ju\u00e1rez, que tambi\u00e9n sabemos es un importante auditorio aqu\u00ed en Veracruz, entonces tambi\u00e9n es un tema que estamos revisando, tambi\u00e9n ya dio la instrucci\u00f3n el gobernador para poder empezar ya a ver los trabajos, y se puede iniciar tambi\u00e9n ya este a\u00f1o la rehabilitaci\u00f3n del auditorio&#8221;, puntualiz\u00f3.<\/p>\n\n\n\n<p>El auditorio &#8220;Benito Ju\u00e1rez&#8221; tambi\u00e9n ha sido sede de las coronaciones de los Reyes de Carnaval o conciertos musicales; sin embargo, desde su abandono y ante la ruptura de ventanales, lo corro\u00eddo de su infraestructura met\u00e1lica y la falta de aire acondicionado, los empresarios art\u00edsticos han dejado de rentar el recinto y han buscado otros foros.<\/p>\n\n\n\n<p>A pesar de estar administrado por el DIF Estatal, el auditorio &#8220;Benito Ju\u00e1rez&#8221; funge como base para la entrega de despensas del programa Bienestar y en pr\u00f3ximas fechas, se construir\u00e1 un Banco Bienestar en la demarcaci\u00f3n del recinto.<\/p>\n","protected":false},"excerpt":{"rendered":"<p>Alejandro \u00c1vila Boca del R\u00edo, Ver.- Seis a\u00f1os tuvieron que pasar para que finalmente el auditorio &#8220;Benito Ju\u00e1rez&#8221; en la ciudad de Veracruz fuera tomado en cuenta para su rehabilitaci\u00f3n; el titular de la Secretar\u00eda de Finanzas y Planeaci\u00f3n (SEFIPLAN), Jos\u00e9 Luis Lima Franco asegur\u00f3 que, en este 2022 se dispondr\u00e1 de un monto econ\u00f3mico [&hellip;]<\/p>\n","protected":false},"author":1,"featured_media":29359,"comment_status":"open","ping_status":"open","sticky":false,"template":"","format":"standard","meta":{"_jetpack_memberships_contains_paid_content":false,"footnotes":""},"categories":[2],"tags":[],"class_list":["post-29358","post","type-post","status-publish","format-standard","has-post-thumbnail","hentry","category-estado"],"jetpack_featured_media_url":"https:\/\/encuentroinformativo.com.mx\/wp-content\/uploads\/2022\/07\/97DBFAD7-07A9-4076-B6BF-83D4622D9DE9.jpeg","jetpack_sharing_enabled":true,"jetpack_likes_enabled":true,"amp_enabled":true,"_links":{"self":[{"href":"https:\/\/encuentroinformativo.com.mx\/index.php?rest_route=\/wp\/v2\/posts\/29358","targetHints":{"allow":["GET"]}}],"collection":[{"href":"https:\/\/encuentroinformativo.com.mx\/index.php?rest_route=\/wp\/v2\/posts"}],"about":[{"href":"https:\/\/encuentroinformativo.com.mx\/index.php?rest_route=\/wp\/v2\/types\/post"}],"author":[{"embeddable":true,"href":"https:\/\/encuentroinformativo.com.mx\/index.php?rest_route=\/wp\/v2\/users\/1"}],"replies":[{"embeddable":true,"href":"https:\/\/encuentroinformativo.com.mx\/index.php?rest_route=%2Fwp%2Fv2%2Fcomments&post=29358"}],"version-history":[{"count":1,"href":"https:\/\/encuentroinformativo.com.mx\/index.php?rest_route=\/wp\/v2\/posts\/29358\/revisions"}],"predecessor-version":[{"id":29360,"href":"https:\/\/encuentroinformativo.com.mx\/index.php?rest_route=\/wp\/v2\/posts\/29358\/revisions\/29360"}],"wp:featuredmedia":[{"embeddable":true,"href":"https:\/\/encuentroinformativo.com.mx\/index.php?rest_route=\/wp\/v2\/media\/29359"}],"wp:attachment":[{"href":"https:\/\/encuentroinformativo.com.mx\/index.php?rest_route=%2Fwp%2Fv2%2Fmedia&parent=29358"}],"wp:term":[{"taxonomy":"category","embeddable":true,"href":"https:\/\/encuentroinformativo.com.mx\/index.php?rest_route=%2Fwp%2Fv2%2Fcategories&post=29358"},{"taxonomy":"post_tag","embeddable":true,"href":"https:\/\/encuentroinformativo.com.mx\/index.php?rest_route=%2Fwp%2Fv2%2Ftags&post=29358"}],"curies":[{"name":"wp","href":"https:\/\/api.w.org\/{rel}","templated":true}]}}