{"id":29370,"date":"2022-07-13T12:38:24","date_gmt":"2022-07-13T17:38:24","guid":{"rendered":"https:\/\/encuentroinformativo.com.mx\/?p=29370"},"modified":"2022-07-13T12:38:28","modified_gmt":"2022-07-13T17:38:28","slug":"esta-noche-llegarian-cuerpos-de-veracruzanos-fallecidos-en-texas","status":"publish","type":"post","link":"https:\/\/encuentroinformativo.com.mx\/?p=29370","title":{"rendered":"Esta noche, llegar\u00edan cuerpos de veracruzanos fallecidos en Texas"},"content":{"rendered":"\n<p><strong>Juan Arcos <\/strong><\/p>\n\n\n\n<p>Xalapa, Ver.- Se estima que antes de la medianoche de este mi\u00e9rcoles 13 de julio lleguen los cuerpos de los tres j\u00f3venes veracruzanos que murieron al interior de la caja de un tr\u00e1iler en San Antonio, Texas, el pasado 27 de junio.<\/p>\n\n\n\n<p>As\u00ed lo confirm\u00f3 el director de Atenci\u00f3n a Migrantes en Veracruz, Carlos Enrique Escalante Igual, quien a\u00f1adi\u00f3 que las carrozas f\u00fanebres arriben esta noche a San Marcos Atexquilapan, municipio de Naolinco, su lugar de origen.<\/p>\n\n\n\n<p>Se trata de los cuerpos de Misael Olivares, de 16 a\u00f1os, y de sus primos Jair y Giovanni Valencia Olivares, de 19 y 16 a\u00f1os, respectivamente.<\/p>\n\n\n\n<p>El funcionario estatal detall\u00f3 que los cuerpos llegar\u00edan aproximadamente a las dos de la tarde a la ciudad de Toluca, Estado de M\u00e9xico.<\/p>\n\n\n\n<p>\u201cSe espera que entre dos de la tarde, tres y media o cuatro de la tarde, hagan entrega de la documentaci\u00f3n y salgan para Naolinco los cuerpos. Nosotros vamos a estarlo esperando y vamos a hacer el acompa\u00f1amiento, vamos a estar con las familias como hemos estado desde un inicio y estaremos apoyando en lo que se pueda\u201d, expres\u00f3.<\/p>\n\n\n\n<p>Escalante Igual mencion\u00f3 que habr\u00e1 presencia por parte de elementos de la Secretar\u00eda de Seguridad P\u00fablica (SSP) en San Marcos Atexquilapan para mantener el orden en caso de que haya mucha gente.<\/p>\n\n\n\n<p>Se prev\u00e9 que los cuerpos de los otros tres migrantes veracruzanos que murieron asfixiados en el tr\u00e1iler, arriben al territorio estatal el pr\u00f3ximo s\u00e1bado 16 de julio.<\/p>\n\n\n\n<p>\u201cEstamos en ese proceso y calculo que sea este fin de semana cuando lleguen los otros tres cuerpos que est\u00e1n pendientes y ya as\u00ed poder concluir con este tema, terminar nuestra carpeta de trabajo y con la triste nota de que fueron seis los veracruzanos que murieron en estos tr\u00e1gicos eventos de San Antonio, son seis familias enlutadas\u201d.<\/p>\n\n\n\n<p>Los otros tres que murieron en la caja del tr\u00e1iler fueron identificados como Jes\u00fas \u00c1lvarez Ortega, de Misantla, y su sobrino Pablo Ortega, de Tlapacoyan. Adem\u00e1s de Julio Marcial Espinoza, originario de Santiago Sochiapa.<\/p>\n\n\n\n<p>El Consulado de M\u00e9xico en San Antonio, Texas, inform\u00f3 al gobierno de Veracruz que todos los cuerpos de las v\u00edctimas ya fueron identificados, donde se establece que hubo seis veracruzanos fallecidos.<\/p>\n","protected":false},"excerpt":{"rendered":"<p>Juan Arcos Xalapa, Ver.- Se estima que antes de la medianoche de este mi\u00e9rcoles 13 de julio lleguen los cuerpos de los tres j\u00f3venes veracruzanos que murieron al interior de la caja de un tr\u00e1iler en San Antonio, Texas, el pasado 27 de junio. As\u00ed lo confirm\u00f3 el director de Atenci\u00f3n a Migrantes en Veracruz, [&hellip;]<\/p>\n","protected":false},"author":1,"featured_media":29371,"comment_status":"open","ping_status":"open","sticky":false,"template":"","format":"standard","meta":{"_jetpack_memberships_contains_paid_content":false,"footnotes":""},"categories":[8],"tags":[],"class_list":["post-29370","post","type-post","status-publish","format-standard","has-post-thumbnail","hentry","category-region"],"jetpack_featured_media_url":"https:\/\/encuentroinformativo.com.mx\/wp-content\/uploads\/2022\/07\/E9006FA9-5618-4BC8-915F-91939C98A79D.jpeg","jetpack_sharing_enabled":true,"jetpack_likes_enabled":true,"amp_enabled":true,"_links":{"self":[{"href":"https:\/\/encuentroinformativo.com.mx\/index.php?rest_route=\/wp\/v2\/posts\/29370","targetHints":{"allow":["GET"]}}],"collection":[{"href":"https:\/\/encuentroinformativo.com.mx\/index.php?rest_route=\/wp\/v2\/posts"}],"about":[{"href":"https:\/\/encuentroinformativo.com.mx\/index.php?rest_route=\/wp\/v2\/types\/post"}],"author":[{"embeddable":true,"href":"https:\/\/encuentroinformativo.com.mx\/index.php?rest_route=\/wp\/v2\/users\/1"}],"replies":[{"embeddable":true,"href":"https:\/\/encuentroinformativo.com.mx\/index.php?rest_route=%2Fwp%2Fv2%2Fcomments&post=29370"}],"version-history":[{"count":1,"href":"https:\/\/encuentroinformativo.com.mx\/index.php?rest_route=\/wp\/v2\/posts\/29370\/revisions"}],"predecessor-version":[{"id":29372,"href":"https:\/\/encuentroinformativo.com.mx\/index.php?rest_route=\/wp\/v2\/posts\/29370\/revisions\/29372"}],"wp:featuredmedia":[{"embeddable":true,"href":"https:\/\/encuentroinformativo.com.mx\/index.php?rest_route=\/wp\/v2\/media\/29371"}],"wp:attachment":[{"href":"https:\/\/encuentroinformativo.com.mx\/index.php?rest_route=%2Fwp%2Fv2%2Fmedia&parent=29370"}],"wp:term":[{"taxonomy":"category","embeddable":true,"href":"https:\/\/encuentroinformativo.com.mx\/index.php?rest_route=%2Fwp%2Fv2%2Fcategories&post=29370"},{"taxonomy":"post_tag","embeddable":true,"href":"https:\/\/encuentroinformativo.com.mx\/index.php?rest_route=%2Fwp%2Fv2%2Ftags&post=29370"}],"curies":[{"name":"wp","href":"https:\/\/api.w.org\/{rel}","templated":true}]}}