{"id":29376,"date":"2022-07-13T13:28:52","date_gmt":"2022-07-13T18:28:52","guid":{"rendered":"https:\/\/encuentroinformativo.com.mx\/?p=29376"},"modified":"2022-07-13T13:28:55","modified_gmt":"2022-07-13T18:28:55","slug":"multa-y-denuncia-ante-fedayca-al-agresor-de-perro-en-veracruz-puerto","status":"publish","type":"post","link":"https:\/\/encuentroinformativo.com.mx\/?p=29376","title":{"rendered":"Multa y denuncia ante FEDAyCA al agresor de perro en Veracruz puerto"},"content":{"rendered":"\n<p><strong>Alejandro \u00c1vila<\/strong><\/p>\n\n\n\n<p>Veracruz, Ver.- Una multa de 50 mil pesos y el inicio de una carpeta de investigaci\u00f3n en la Fiscal\u00eda Especializada en Delitos Ambientales y Contra los Animales (FEDAyCA), es a lo que se ha hecho acreedor el agresor de un perro en el fraccionamiento Torrentes de Veracruz puerto, inform\u00f3 la alcaldesa Patricia Lobeira Rodr\u00edguez.<\/p>\n\n\n\n<p>La edil panista dijo que, tras la difusi\u00f3n del video en redes sociales, d\u00f3nde se observa a un sujeto agredir brutalmente a un perro, la direcci\u00f3n de Medio Ambiente del Ayuntamiento de Veracruz acudi\u00f3 a rescatar al canino.<\/p>\n\n\n\n<p>&#8220;De hecho ya el perrito fue rescatado desde ayer en la noche, vimos el video, la verdad es que es una pena, ya fue rescatado y la direcci\u00f3n de Medio Ambiente est\u00e1 tomando todas las medidas necesarias para que se sanciona a la persona que hizo este maltrato (\u2026) s\u00ed, claro, se hace ante la Fiscal\u00eda la denuncia e independientemente de la denuncia, tambi\u00e9n nosotros como Ayuntamiento podemos sancionar a la persona (\u2026) es una multa de alrededor de 50 mil pesos&#8221;, apunt\u00f3.<\/p>\n\n\n\n<p>El canino rescatado est\u00e1 siendo valorado en el Centro de Salud Animal del municipio de Veracruz, y posteriormente, una vez dado de alta, coment\u00f3 la alcaldesa, ser\u00e1 puesto en adopci\u00f3n.<\/p>\n\n\n\n<p>&#8220;Bien, est\u00e1 estable, est\u00e1 bien y vamos a seguir rehabilitandolo en estas semanas y estoy segura que va a salir adelante&#8221;, culmin\u00f3.<\/p>\n\n\n\n<p>Finalmente Patricia Lobeira Rodr\u00edguez, alcaldesa de Veracruz record\u00f3 que, el pr\u00f3ximo s\u00e1bado se inaugurar\u00e1 la la planta de la empresa cafetalera Nestl\u00e9, misma que est\u00e1 ubicada en la ciudad industrial &#8220;Bruno Pagliai&#8221;, d\u00f3nde se tendr\u00e1 la visita del presidente de la rep\u00fablica, Andr\u00e9s Manuel L\u00f3pez Obrador, el evento est\u00e1 pactado para iniciar a las 2:45 de la tarde.<\/p>\n","protected":false},"excerpt":{"rendered":"<p>Alejandro \u00c1vila Veracruz, Ver.- Una multa de 50 mil pesos y el inicio de una carpeta de investigaci\u00f3n en la Fiscal\u00eda Especializada en Delitos Ambientales y Contra los Animales (FEDAyCA), es a lo que se ha hecho acreedor el agresor de un perro en el fraccionamiento Torrentes de Veracruz puerto, inform\u00f3 la alcaldesa Patricia Lobeira [&hellip;]<\/p>\n","protected":false},"author":1,"featured_media":29377,"comment_status":"open","ping_status":"open","sticky":false,"template":"","format":"standard","meta":{"_jetpack_memberships_contains_paid_content":false,"footnotes":""},"categories":[2],"tags":[],"class_list":["post-29376","post","type-post","status-publish","format-standard","has-post-thumbnail","hentry","category-estado"],"jetpack_featured_media_url":"https:\/\/encuentroinformativo.com.mx\/wp-content\/uploads\/2022\/07\/E2B197C6-DF4F-45E3-8773-8DF2E6686DF2.jpeg","jetpack_sharing_enabled":true,"jetpack_likes_enabled":true,"amp_enabled":true,"_links":{"self":[{"href":"https:\/\/encuentroinformativo.com.mx\/index.php?rest_route=\/wp\/v2\/posts\/29376","targetHints":{"allow":["GET"]}}],"collection":[{"href":"https:\/\/encuentroinformativo.com.mx\/index.php?rest_route=\/wp\/v2\/posts"}],"about":[{"href":"https:\/\/encuentroinformativo.com.mx\/index.php?rest_route=\/wp\/v2\/types\/post"}],"author":[{"embeddable":true,"href":"https:\/\/encuentroinformativo.com.mx\/index.php?rest_route=\/wp\/v2\/users\/1"}],"replies":[{"embeddable":true,"href":"https:\/\/encuentroinformativo.com.mx\/index.php?rest_route=%2Fwp%2Fv2%2Fcomments&post=29376"}],"version-history":[{"count":1,"href":"https:\/\/encuentroinformativo.com.mx\/index.php?rest_route=\/wp\/v2\/posts\/29376\/revisions"}],"predecessor-version":[{"id":29378,"href":"https:\/\/encuentroinformativo.com.mx\/index.php?rest_route=\/wp\/v2\/posts\/29376\/revisions\/29378"}],"wp:featuredmedia":[{"embeddable":true,"href":"https:\/\/encuentroinformativo.com.mx\/index.php?rest_route=\/wp\/v2\/media\/29377"}],"wp:attachment":[{"href":"https:\/\/encuentroinformativo.com.mx\/index.php?rest_route=%2Fwp%2Fv2%2Fmedia&parent=29376"}],"wp:term":[{"taxonomy":"category","embeddable":true,"href":"https:\/\/encuentroinformativo.com.mx\/index.php?rest_route=%2Fwp%2Fv2%2Fcategories&post=29376"},{"taxonomy":"post_tag","embeddable":true,"href":"https:\/\/encuentroinformativo.com.mx\/index.php?rest_route=%2Fwp%2Fv2%2Ftags&post=29376"}],"curies":[{"name":"wp","href":"https:\/\/api.w.org\/{rel}","templated":true}]}}