{"id":29382,"date":"2022-07-13T17:22:56","date_gmt":"2022-07-13T22:22:56","guid":{"rendered":"https:\/\/encuentroinformativo.com.mx\/?p=29382"},"modified":"2022-07-13T17:22:59","modified_gmt":"2022-07-13T22:22:59","slug":"por-mega-fuga-de-pemex-amagan-con-bloqueos-en-papantla","status":"publish","type":"post","link":"https:\/\/encuentroinformativo.com.mx\/?p=29382","title":{"rendered":"Por Mega fuga de PEMEX, amagan con bloqueos en Papantla"},"content":{"rendered":"\n<p><strong>Juan Arcos <\/strong><\/p>\n\n\n\n<p>Xalapa, Ver.- Pobladores de Papantla amagaron con manifestarse y bloquear carreteras tras los da\u00f1os que ha ocasionado la mega fuga de petr\u00f3leo en la comunidad Adolfo Ruiz Cortines, desde el pasado 2 de julio.<\/p>\n\n\n\n<p>Se habla de la p\u00e9rdida de 25 hect\u00e1reas de cultivos de naranja, pl\u00e1tano y ma\u00edz en las inmediaciones del pozo petrolero Santa Agueda n\u00famero 56, donde se registr\u00f3 la ruptura de una l\u00ednea primaria y una expulsi\u00f3n a \u201cchorros\u201d en el aire.<\/p>\n\n\n\n<p>La gente est\u00e1 muy molesta debido a que la empresa Petr\u00f3leos Mexicanos (Pemex) no se ha hecho responsable para la reparaci\u00f3n de los da\u00f1os que ocasion\u00f3 en el sitio.<\/p>\n\n\n\n<p>De manera an\u00f3nima, comentaron que a la comunidad se le conoce como El Aguacate y cuenta con 200 pozos petroleros a los que les hace falta mantenimiento.<\/p>\n\n\n\n<p>Tambi\u00e9n mencionaron que a casi dos semanas de lo ocurrido no se han cuantificado los da\u00f1os; sin embargo, ha sido grave la afectaci\u00f3n.<\/p>\n\n\n\n<p>En una reuni\u00f3n con personal de Pemex, la gente increp\u00f3 que las fugas tambi\u00e9n contaminan los afluentes y por ello esa agua no sirve para el riego de los cultivos ni para los animales del campo.<\/p>\n\n\n\n<p>\u201cPemex, destruyes el medio ambiente, contaminas el medio ambiente, destruyes nuestros caminos&#8221;, reclamaron las personas.<\/p>\n\n\n\n<p>Los pobladores criticaron que a 11 d\u00edas de la mega fuga de petr\u00f3leo persisten los malos olores y se esparcen en toda la comunidad Adolfo Ruiz Cortines.<\/p>\n\n\n\n<p>Por tal motivo, exigieron a las autoridades de Pemex que atiendan el problema lo antes posible. De lo contrario, iniciar\u00e1n las protestas en la zona norte de la entidad veracruzana.<\/p>\n","protected":false},"excerpt":{"rendered":"<p>Juan Arcos Xalapa, Ver.- Pobladores de Papantla amagaron con manifestarse y bloquear carreteras tras los da\u00f1os que ha ocasionado la mega fuga de petr\u00f3leo en la comunidad Adolfo Ruiz Cortines, desde el pasado 2 de julio. Se habla de la p\u00e9rdida de 25 hect\u00e1reas de cultivos de naranja, pl\u00e1tano y ma\u00edz en las inmediaciones del [&hellip;]<\/p>\n","protected":false},"author":1,"featured_media":29383,"comment_status":"open","ping_status":"open","sticky":false,"template":"","format":"standard","meta":{"_jetpack_memberships_contains_paid_content":false,"footnotes":""},"categories":[2],"tags":[],"class_list":["post-29382","post","type-post","status-publish","format-standard","has-post-thumbnail","hentry","category-estado"],"jetpack_featured_media_url":"https:\/\/encuentroinformativo.com.mx\/wp-content\/uploads\/2022\/07\/28D91981-EEA5-4382-A656-B9EB76EE8AED.jpeg","jetpack_sharing_enabled":true,"jetpack_likes_enabled":true,"amp_enabled":true,"_links":{"self":[{"href":"https:\/\/encuentroinformativo.com.mx\/index.php?rest_route=\/wp\/v2\/posts\/29382","targetHints":{"allow":["GET"]}}],"collection":[{"href":"https:\/\/encuentroinformativo.com.mx\/index.php?rest_route=\/wp\/v2\/posts"}],"about":[{"href":"https:\/\/encuentroinformativo.com.mx\/index.php?rest_route=\/wp\/v2\/types\/post"}],"author":[{"embeddable":true,"href":"https:\/\/encuentroinformativo.com.mx\/index.php?rest_route=\/wp\/v2\/users\/1"}],"replies":[{"embeddable":true,"href":"https:\/\/encuentroinformativo.com.mx\/index.php?rest_route=%2Fwp%2Fv2%2Fcomments&post=29382"}],"version-history":[{"count":1,"href":"https:\/\/encuentroinformativo.com.mx\/index.php?rest_route=\/wp\/v2\/posts\/29382\/revisions"}],"predecessor-version":[{"id":29384,"href":"https:\/\/encuentroinformativo.com.mx\/index.php?rest_route=\/wp\/v2\/posts\/29382\/revisions\/29384"}],"wp:featuredmedia":[{"embeddable":true,"href":"https:\/\/encuentroinformativo.com.mx\/index.php?rest_route=\/wp\/v2\/media\/29383"}],"wp:attachment":[{"href":"https:\/\/encuentroinformativo.com.mx\/index.php?rest_route=%2Fwp%2Fv2%2Fmedia&parent=29382"}],"wp:term":[{"taxonomy":"category","embeddable":true,"href":"https:\/\/encuentroinformativo.com.mx\/index.php?rest_route=%2Fwp%2Fv2%2Fcategories&post=29382"},{"taxonomy":"post_tag","embeddable":true,"href":"https:\/\/encuentroinformativo.com.mx\/index.php?rest_route=%2Fwp%2Fv2%2Ftags&post=29382"}],"curies":[{"name":"wp","href":"https:\/\/api.w.org\/{rel}","templated":true}]}}