{"id":29396,"date":"2022-07-14T09:49:41","date_gmt":"2022-07-14T14:49:41","guid":{"rendered":"https:\/\/encuentroinformativo.com.mx\/?p=29396"},"modified":"2022-07-14T09:49:45","modified_gmt":"2022-07-14T14:49:45","slug":"olga-duarte-y-el-hermano-de-amlo","status":"publish","type":"post","link":"https:\/\/encuentroinformativo.com.mx\/?p=29396","title":{"rendered":"OLGA, DUARTE Y EL HERMANO DE AMLO"},"content":{"rendered":"\n<p><strong>ColumnaSinNombre<br>@pablojair<\/strong><\/p>\n\n\n\n<ul class=\"wp-block-list\"><li>Roc\u00edo Nahle acompa\u00f1\u00f3 a AMLO a Washington.<\/li><li>\u00bfComprar\u00e1 granos de calidad la planta de Nescaf\u00e9?<\/li><li>Hospital de Misantla, en obra negra desde 2009.<\/li><\/ul>\n\n\n\n<p>En una de esas, hasta \u201cUlito\u201d tiene el \u201cpack\u201d de Moreira<br>&#8211;Chopenjanwer<\/p>\n\n\n\n<p>Al inicio del sexenio de L\u00f3pez Obrador, alguien que estuvo muy activo en redes sociales y con mucha presencia en medios de comunicaci\u00f3n (desde el Reclusorio Norte donde est\u00e1 internado) fue el exgobernador Javier Duarte de Ochoa. No fueron pocas las veces que se vio a Duarte de Ochoa enviar cartas, lanzar tuits o dar entrevistas v\u00eda telef\u00f3nica o hasta recibiendo a Televisa en el penal.<\/p>\n\n\n\n<p>Era secreto a voces que exist\u00eda una especie de acuerdo con el exmandatario; alguien le daba todas las facilidades y el perfil que Duarte representaba no era para minimizarse.<\/p>\n\n\n\n<p>De esto surge la versi\u00f3n de que el abogado de Javier, un familiar del exgobernador y la entonces secretaria de Gobernaci\u00f3n, Olga S\u00e1nchez Cordero, sostuvieron una reuni\u00f3n en las oficinas de Bucareli, donde se supone que se pact\u00f3 la entrega de informaci\u00f3n valiosa por parte de Duarte sobre diversos adversarios del presidente Andr\u00e9s Manuel L\u00f3pez Obrador.<\/p>\n\n\n\n<p>Incluso, hay versiones que en ese &#8220;acuerdo&#8221; estaba planteada la libertad de Javier Duarte de Ochoa; que era cosa de d\u00edas para que el veracruzano saliera de la prisi\u00f3n.<\/p>\n\n\n\n<p>Pero al parecer esta negociaci\u00f3n nunca fue consultada con el presidente Andr\u00e9s Manuel L\u00f3pez Obrador y fue solamente una (mala) operaci\u00f3n de la entonces secretaria de Gobernaci\u00f3n.<\/p>\n\n\n\n<p>Y es que AMLO, que no es nada tonto (iba a poner otra palabrota, pero luego se ofenden), sabe que liberar a Javier Duarte iba a ser como pegarse un tiro en la cabeza: el presidente que ha vendido toda su vida el combate a la corrupci\u00f3n liberando al gobernador m\u00e1s se\u00f1alado por ese tema tan lastimoso.<\/p>\n\n\n\n<p>Al parecer, hubo un momento donde ese &#8220;acuerdo&#8221; lleg\u00f3 a los o\u00eddos de Palacio Nacional y este fue frenado de inmediato; pero lo que m\u00e1s abon\u00f3 al asunto fue que el exgobernador en realidad no ten\u00eda nada de informaci\u00f3n valiosa, salvo lo ya publicado en medios de comunicaci\u00f3n. Ni videos, ni audios, ni fotos comprometedoras. Nada\u2026 Y esto lo pudieron confirmar agentes federales que llegaron a entrevistarse con el exgobernador.<\/p>\n\n\n\n<p>Luego entonces, dieron marcha atr\u00e1s a los privilegios de Duarte, quien de repente desapareci\u00f3 del espectro medi\u00e1tico nacional en el que ya se encontraba enrolado.<\/p>\n\n\n\n<p>Este asunto, si bien no lleg\u00f3 a esc\u00e1ndalo nacional, s\u00ed abonar\u00eda a la posterior salida de Olga S\u00e1nchez Cordero de la Secretar\u00eda de Gobernaci\u00f3n (a finales agosto de 2021) para regresarla a su curul en el Senado. Acuerdos de ese tipo s\u00f3lo daban m\u00e1s problemas al presidente.<\/p>\n\n\n\n<p>L\u00f3pez Obrador tuvo entonces que llamar a su &#8220;broder&#8221; Ad\u00e1n Augusto L\u00f3pez Hern\u00e1ndez, quien para esas fechas era gobernador de Tabasco, el estado natal del presidente.<\/p>\n\n\n\n<p>En diversas ocasiones, AMLO se ha referido a Ad\u00e1n Augusto como su &#8220;hermano&#8221; y es muy notable la cercan\u00eda entre ambos; que existe una amistad muy s\u00f3lida desde hace d\u00e9cadas.<\/p>\n\n\n\n<p>Por ejemplo, en una gira por Tabasco en abril de 2021, L\u00f3pez Obrador as\u00ed llamaba al tambi\u00e9n notario p\u00fablico: &#8220;constantemente trabajamos de manera coordinada con el gobernador de Tabasco, que es mi paisano, que es mi compa\u00f1ero, que es mi hermano&#8221;.<\/p>\n\n\n\n<p>Ya investido como secretario de Gobernaci\u00f3n, el presidente dar\u00eda m\u00e1s espaldarazos a Ad\u00e1n Augusto: el 24 de abril de 2021, el diario El Universal destacar\u00eda lo m\u00e1s relevante de una reuni\u00f3n que tuvo el presidente con diputados de Morena, Partido Verde y Partido del Trabajo.<\/p>\n\n\n\n<p>\u201cPor primera vez, en Palacio Nacional, se escuch\u00f3 el grito de &#8220;\u00a1Pre-si-den-te!&#8221; en favor del secretario de Gobernaci\u00f3n, uno de los posibles aspirantes a la candidatura presidencial para 2024\u201d, seg\u00fan la cr\u00f3nica del reportero Alberto Morales, del que transcribimos un fragmento:<\/p>\n\n\n\n<p>\u201cA ver, vamos a poner a consideraci\u00f3n, vamos a hacer una especie de encuesta, de consulta, r\u00e1pida, breve. Verdad, d\u00edganme si s\u00ed o no \u00bfVerdad que tenemos un buen secretario de Gobernaci\u00f3n?\u201d, expres\u00f3 L\u00f3pez Obrador entre aplausos y ovaciones de los asistentes.<\/p>\n\n\n\n<p>La respuesta ganadora de los legisladores de la colaci\u00f3n Juntos Haremos Historia fue inmediata: \u201c\u00a1S\u00edii!\u201d<\/p>\n\n\n\n<p>\u201c\u00a1Presidente, presidente!\u201d, gritaron los legisladores al secretario de Gobernaci\u00f3n.<\/p>\n\n\n\n<p>\u201cQue nos ayuda mucho, que est\u00e1 a cargo de llevar a cabo la conciliaci\u00f3n, los acuerdos con legisladores, con gobernadores, con la Fiscal\u00eda General de la Rep\u00fablica, con el Poder Judicial. Me ayuda mucho, me aligera la carga el secretario de Gobernaci\u00f3n\u201d, a\u00f1adi\u00f3 el Presidente.<\/p>\n\n\n\n<p>Hasta aqu\u00ed la cr\u00f3nica del periodista.<\/p>\n\n\n\n<p>Un evento muy trascendente del poder de Ad\u00e1n Augusto como secretario de Gobernaci\u00f3n fue aquella ocasi\u00f3n cuando detuvo la rebeli\u00f3n en el Senado encabezada por el nefasto Ricardo Monreal, quien estaba creando una comisi\u00f3n \u201cpatito\u201d para arremeter contra el Gobierno de Veracruz por el caso de la detenci\u00f3n de Jos\u00e9 Manuel del R\u00edo Virgen, algo que dej\u00f3 pasar Olga S\u00e1nchez Cordero ya siendo senadora, sin mostrar respaldo p\u00fablico al gobernador Cuitl\u00e1huac.<\/p>\n\n\n\n<p>No obstante, el gobernador mismo le dio las gracias a la secretaria de Gobernaci\u00f3n saliente cuando se anunci\u00f3 que regresaba al Senado: \u201cAgradecerle todas sus atenciones, siempre estuvo pendiente de Veracruz con especial cari\u00f1o, le decimos que muchas gracias por todo; es una se\u00f1ora muy preparada y siempre mostr\u00f3 cari\u00f1o por ac\u00e1, en particular porque tiene mucha cercan\u00eda con Coatepec, y por ac\u00e1 la hemos visto seguido, yo creo por eso tambi\u00e9n mantuvo siempre el apoyo a este gobierno\u201d.<\/p>\n\n\n\n<p>En este sentido, se hablaban de diferencias de Do\u00f1a Olga con el gobierno estatal, especialmente cuando se dio la salida forzada e intempestiva de la fallecida magistrada Sof\u00eda Mart\u00ednez Huerta, quien fue obligada a salir del cargo de presidenta del Poder Judicial en Veracruz.<\/p>\n\n\n\n<p>Y es que a los pocos minutos que Do\u00f1a Sof\u00eda sali\u00f3 de su oficina, solicit\u00f3 la intervenci\u00f3n de la entonces secretaria de Gobernaci\u00f3n, quien pidi\u00f3 a amigos que le abrieran espacios noticiosos nacionales para denunciar la manera en que fue sacada del Poder Judicial.<\/p>\n\n\n\n<p>Hace poco tambi\u00e9n estaba programado un evento en Xalapa que encabezar\u00eda la senadora S\u00e1nchez Cordero en el Congreso del Estado, pero fue cancelado de \u00faltima hora (seg\u00fan por los contagios del Covid) y reprogramado para pr\u00f3ximos d\u00edas.<\/p>\n\n\n\n<p>Al parecer, Do\u00f1a Olga ya cay\u00f3 de la gracia de la Cuarta Transformaci\u00f3n.<\/p>\n\n\n\n<p><strong>NOTA PARA PEGAR EN EL REFRI: <\/strong>Que el presidente Andr\u00e9s Manuel L\u00f3pez Obrador llev\u00f3 a la parte estrat\u00e9gica de su gabinete en temas econ\u00f3micos y de energ\u00e9ticos a la reuni\u00f3n que sostuvo con empresarios este mi\u00e9rcoles por la ma\u00f1ana en su gira por Estados Unidos. Presente estuvieron en la foto (nadie se mueva, porque si no, no salen) la t\u00eda \u201cTatis\u201d Clouthier, secre de Econom\u00eda; el canciller Marcelo Ebrard y la secre de Energ\u00eda, Roc\u00edo Nahle, quien ya se deja sentir en Veracruz para dicha de unos y la frustraci\u00f3n de otros.<\/p>\n\n\n\n<p><strong>OTRA NOTA:<\/strong> Ser\u00e1 muy interesante saber qu\u00e9 planes tiene la Nestl\u00e9 con su nueva planta en la entidad al menos con respecto a los productores cafetaleros veracruzanos, pues una constante queja de \u00e9stos es que la multinacional no les quiere comprar la variedad ar\u00e1bica (de mayor calidad, que se planta mucho en Coatepec, que es muy delicada y m\u00e1s cara) y les piden plantar la robusta, que es m\u00e1s resistente, pero de menor calidad y m\u00e1s barata\u2026 Si algo ha destacado la regi\u00f3n cafetalera (al menos del Pueblo M\u00e1gico) es que su caf\u00e9 es referente internacional por mantener la calidad de sus granos\u2026 \u00bfSer\u00e1 que la nueva planta de Nescaf\u00e9 pedir\u00e1 granos de calidad u optar\u00e1 por los baratos?\u2026 Mire, de todas formas, eso del caf\u00e9 soluble o en capsulitas como que nel, pero cada quien sus gustos.<\/p>\n\n\n\n<p><strong>LA \u00daLTIMA, PORQUE NO SUPERO LO DEL HOWARD HAMLIN:<\/strong> En gira de trabajo por el municipio de Misantla, el gobernador Cuitl\u00e1huac Garc\u00eda Jim\u00e9nez dio un recorrido por lo que se supone iba a ser el Hospital Regional de Misantla, pero que desde 2009 (finales del sexenio de T\u00edo Fide) est\u00e1 en obra negra. Ah\u00ed coment\u00f3 que se va a hacer un an\u00e1lisis t\u00e9cnico de lo construido para ver si es posible rehabilitarlo a trav\u00e9s del Instituto de Salud para el Bienestar: \u201cAc\u00e1 en Veracruz los neoliberales tambi\u00e9n nos dejaron sus monumentos a la corrupci\u00f3n. Visitamos lo que iba a ser un Hospital en Misantla para realizar el an\u00e1lisis t\u00e9cnico en coordinaci\u00f3n con el Ayuntamiento y ver si podemos rescatar algo de lo dejaron abandonado\u201d.<\/p>\n","protected":false},"excerpt":{"rendered":"<p>ColumnaSinNombre@pablojair Roc\u00edo Nahle acompa\u00f1\u00f3 a AMLO a Washington. \u00bfComprar\u00e1 granos de calidad la planta de Nescaf\u00e9? Hospital de Misantla, en obra negra desde 2009. En una de esas, hasta \u201cUlito\u201d tiene el \u201cpack\u201d de Moreira&#8211;Chopenjanwer Al inicio del sexenio de L\u00f3pez Obrador, alguien que estuvo muy activo en redes sociales y con mucha presencia en [&hellip;]<\/p>\n","protected":false},"author":1,"featured_media":488,"comment_status":"open","ping_status":"open","sticky":false,"template":"","format":"standard","meta":{"_jetpack_memberships_contains_paid_content":false,"footnotes":""},"categories":[11],"tags":[],"class_list":["post-29396","post","type-post","status-publish","format-standard","has-post-thumbnail","hentry","category-opinion"],"jetpack_featured_media_url":"https:\/\/encuentroinformativo.com.mx\/wp-content\/uploads\/2020\/03\/F471F608-BA1A-416B-BA7B-BCFB24F4E6D0.jpeg","jetpack_sharing_enabled":true,"jetpack_likes_enabled":true,"amp_enabled":true,"_links":{"self":[{"href":"https:\/\/encuentroinformativo.com.mx\/index.php?rest_route=\/wp\/v2\/posts\/29396","targetHints":{"allow":["GET"]}}],"collection":[{"href":"https:\/\/encuentroinformativo.com.mx\/index.php?rest_route=\/wp\/v2\/posts"}],"about":[{"href":"https:\/\/encuentroinformativo.com.mx\/index.php?rest_route=\/wp\/v2\/types\/post"}],"author":[{"embeddable":true,"href":"https:\/\/encuentroinformativo.com.mx\/index.php?rest_route=\/wp\/v2\/users\/1"}],"replies":[{"embeddable":true,"href":"https:\/\/encuentroinformativo.com.mx\/index.php?rest_route=%2Fwp%2Fv2%2Fcomments&post=29396"}],"version-history":[{"count":1,"href":"https:\/\/encuentroinformativo.com.mx\/index.php?rest_route=\/wp\/v2\/posts\/29396\/revisions"}],"predecessor-version":[{"id":29397,"href":"https:\/\/encuentroinformativo.com.mx\/index.php?rest_route=\/wp\/v2\/posts\/29396\/revisions\/29397"}],"wp:featuredmedia":[{"embeddable":true,"href":"https:\/\/encuentroinformativo.com.mx\/index.php?rest_route=\/wp\/v2\/media\/488"}],"wp:attachment":[{"href":"https:\/\/encuentroinformativo.com.mx\/index.php?rest_route=%2Fwp%2Fv2%2Fmedia&parent=29396"}],"wp:term":[{"taxonomy":"category","embeddable":true,"href":"https:\/\/encuentroinformativo.com.mx\/index.php?rest_route=%2Fwp%2Fv2%2Fcategories&post=29396"},{"taxonomy":"post_tag","embeddable":true,"href":"https:\/\/encuentroinformativo.com.mx\/index.php?rest_route=%2Fwp%2Fv2%2Ftags&post=29396"}],"curies":[{"name":"wp","href":"https:\/\/api.w.org\/{rel}","templated":true}]}}