{"id":29398,"date":"2022-07-14T09:57:00","date_gmt":"2022-07-14T14:57:00","guid":{"rendered":"https:\/\/encuentroinformativo.com.mx\/?p=29398"},"modified":"2022-07-14T09:57:04","modified_gmt":"2022-07-14T14:57:04","slug":"velan-cuerpos-de-jovenes-fallecidos-en-trailer-de-texas","status":"publish","type":"post","link":"https:\/\/encuentroinformativo.com.mx\/?p=29398","title":{"rendered":"Velan cuerpos de j\u00f3venes fallecidos en tr\u00e1iler de Texas"},"content":{"rendered":"\n<p><strong>Juan Arcos <\/strong><\/p>\n\n\n\n<p>Naolinco, Ver.- La madrugada de este jueves llegaron los cuerpos de los tres j\u00f3venes migrantes a la comunidad San Marcos Atexquilapan, municipio de Naolinco, en la regi\u00f3n capital del estado de Veracruz.<\/p>\n\n\n\n<p>Cientos de pobladores esperaron en la entrada de la localidad para escoltar las carrozas blancas que trasladaban a las v\u00edctimas que murieron asfixiadas dentro de la caja de un tr\u00e1iler en San Antonio, Texas, Estados Unidos.<\/p>\n\n\n\n<p>Entre llanto y lamentos, los cuerpos ingresaron a sus viviendas sobre la calle 5 de mayo, ubicada en el coraz\u00f3n de esta comunidad, donde el 99 por ciento de la gente es cat\u00f3lica.<\/p>\n\n\n\n<p>El recibimiento fue doloroso. La gente parec\u00eda cansada. Fueron m\u00e1s de dos semanas de espera para la llegada de los restos de estos tres j\u00f3venes veracruzanos que hab\u00edan viajado a Estados Unidos, en busca de mejores oportunidades laborales.<\/p>\n\n\n\n<p>Bajo una amplia lona colocaron un altar con veladoras y las fotograf\u00edas Misael Olivares, de 16 a\u00f1os, y de sus primos Jair y Giovanni Valencia Olivares, de 19 y 16 a\u00f1os, respectivamente.<\/p>\n\n\n\n<p>Yolanda Olivares Ruiz, madre de los dos hermanos, dijo enfrentar uno de los momentos m\u00e1s dolorosos de su vida, al recibir a sus hijos en un f\u00e9retro.<\/p>\n\n\n\n<p>\u201cAntes de irse, ellos me dijeron que no me preocupara, que ellos se iban a trabajar, que pronto iban a regresar, que ellos no se iban a quedar all\u00e1\u201d, recuerda con un nudo en la garganta.<\/p>\n\n\n\n<p>Los pobladores se unieron para recaudar fondos y ayudar a los familiares de las v\u00edctimas de esta tragedia donde murieron 53 migrantes asfixiados, el pasado 27 de junio.<\/p>\n\n\n\n<p>Los padres de los tres j\u00f3venes hab\u00edan pedido prestado para pagar 230 mil pesos por persona a unos \u201cpolleros\u201d y as\u00ed cruzar la frontera de M\u00e9xico con Estados Unidos. Ahora est\u00e1n endeudados.<\/p>\n\n\n\n<p>El director general de Atenci\u00f3n a Migrantes en Veracruz, Carlos Enrique Escalante Igual, indic\u00f3 que los cuerpos de los otros tres migrantes veracruzanos que murieron asfixiados en el tr\u00e1iler podr\u00edan arribar al territorio estatal durante el fin de semana.<\/p>\n\n\n\n<p>\u201cEstamos en ese proceso y calculo que sea este fin de semana cuando lleguen los otros tres cuerpos que est\u00e1n pendientes y ya as\u00ed poder concluir con este tema, terminar nuestra carpeta de trabajo y con la triste nota de que fueron seis los veracruzanos que murieron en estos tr\u00e1gicos eventos de San Antonio, son seis familias enlutadas\u201d, expres\u00f3.<\/p>\n\n\n\n<p>Se trata de Jes\u00fas \u00c1lvarez Ortega, de Misantla, y su sobrino Pablo Ortega, de Tlapacoyan. Adem\u00e1s de Julio Marcial Espinoza, originario de Santiago Sochiapa.<\/p>\n\n\n\n<p>El funcionario estatal detall\u00f3 que el Consulado de M\u00e9xico en San Antonio, Texas, inform\u00f3 al gobierno estatal que todos los cuerpos de las v\u00edctimas ya fueron identificados, donde se ha registrado que hubo seis veracruzanos fallecidos.\u00a0<\/p>\n","protected":false},"excerpt":{"rendered":"<p>Juan Arcos Naolinco, Ver.- La madrugada de este jueves llegaron los cuerpos de los tres j\u00f3venes migrantes a la comunidad San Marcos Atexquilapan, municipio de Naolinco, en la regi\u00f3n capital del estado de Veracruz. Cientos de pobladores esperaron en la entrada de la localidad para escoltar las carrozas blancas que trasladaban a las v\u00edctimas que [&hellip;]<\/p>\n","protected":false},"author":1,"featured_media":29399,"comment_status":"open","ping_status":"open","sticky":false,"template":"","format":"standard","meta":{"_jetpack_memberships_contains_paid_content":false,"footnotes":""},"categories":[8],"tags":[],"class_list":["post-29398","post","type-post","status-publish","format-standard","has-post-thumbnail","hentry","category-region"],"jetpack_featured_media_url":"https:\/\/encuentroinformativo.com.mx\/wp-content\/uploads\/2022\/07\/4D872C95-CA57-4298-8F87-E74BE7B17ACA.jpeg","jetpack_sharing_enabled":true,"jetpack_likes_enabled":true,"amp_enabled":true,"_links":{"self":[{"href":"https:\/\/encuentroinformativo.com.mx\/index.php?rest_route=\/wp\/v2\/posts\/29398","targetHints":{"allow":["GET"]}}],"collection":[{"href":"https:\/\/encuentroinformativo.com.mx\/index.php?rest_route=\/wp\/v2\/posts"}],"about":[{"href":"https:\/\/encuentroinformativo.com.mx\/index.php?rest_route=\/wp\/v2\/types\/post"}],"author":[{"embeddable":true,"href":"https:\/\/encuentroinformativo.com.mx\/index.php?rest_route=\/wp\/v2\/users\/1"}],"replies":[{"embeddable":true,"href":"https:\/\/encuentroinformativo.com.mx\/index.php?rest_route=%2Fwp%2Fv2%2Fcomments&post=29398"}],"version-history":[{"count":1,"href":"https:\/\/encuentroinformativo.com.mx\/index.php?rest_route=\/wp\/v2\/posts\/29398\/revisions"}],"predecessor-version":[{"id":29400,"href":"https:\/\/encuentroinformativo.com.mx\/index.php?rest_route=\/wp\/v2\/posts\/29398\/revisions\/29400"}],"wp:featuredmedia":[{"embeddable":true,"href":"https:\/\/encuentroinformativo.com.mx\/index.php?rest_route=\/wp\/v2\/media\/29399"}],"wp:attachment":[{"href":"https:\/\/encuentroinformativo.com.mx\/index.php?rest_route=%2Fwp%2Fv2%2Fmedia&parent=29398"}],"wp:term":[{"taxonomy":"category","embeddable":true,"href":"https:\/\/encuentroinformativo.com.mx\/index.php?rest_route=%2Fwp%2Fv2%2Fcategories&post=29398"},{"taxonomy":"post_tag","embeddable":true,"href":"https:\/\/encuentroinformativo.com.mx\/index.php?rest_route=%2Fwp%2Fv2%2Ftags&post=29398"}],"curies":[{"name":"wp","href":"https:\/\/api.w.org\/{rel}","templated":true}]}}