{"id":294,"date":"2020-03-03T13:20:31","date_gmt":"2020-03-03T19:20:31","guid":{"rendered":"https:\/\/encuentroinformativodotcomdotmx.wordpress.com\/2020\/03\/03\/continua-desabasto-de-cubrebocas-y-gel-antibacterial-en-farmacias\/"},"modified":"2020-03-04T08:29:09","modified_gmt":"2020-03-04T08:29:09","slug":"continua-desabasto-de-cubrebocas-y-gel-antibacterial-en-farmacias","status":"publish","type":"post","link":"https:\/\/encuentroinformativo.com.mx\/?p=294","title":{"rendered":"Contin\u00faa desabasto de cubrebocas y gel antibacterial en farmacias"},"content":{"rendered":"\n<figure class=\"wp-block-image size-large\"><img loading=\"lazy\" decoding=\"async\" width=\"1600\" height=\"1200\" src=\"https:\/\/encuentroinformativo.com.mx\/wp-content\/uploads\/2020\/03\/ezy-watermark_03-03-2020_01-09-54p.m..jpg?w=1024\" alt=\"\" class=\"wp-image-293\" srcset=\"https:\/\/encuentroinformativo.com.mx\/wp-content\/uploads\/2020\/03\/ezy-watermark_03-03-2020_01-09-54p.m..jpg 1600w, https:\/\/encuentroinformativo.com.mx\/wp-content\/uploads\/2020\/03\/ezy-watermark_03-03-2020_01-09-54p.m.-300x225.jpg 300w, https:\/\/encuentroinformativo.com.mx\/wp-content\/uploads\/2020\/03\/ezy-watermark_03-03-2020_01-09-54p.m.-1024x768.jpg 1024w, https:\/\/encuentroinformativo.com.mx\/wp-content\/uploads\/2020\/03\/ezy-watermark_03-03-2020_01-09-54p.m.-768x576.jpg 768w, https:\/\/encuentroinformativo.com.mx\/wp-content\/uploads\/2020\/03\/ezy-watermark_03-03-2020_01-09-54p.m.-1536x1152.jpg 1536w, https:\/\/encuentroinformativo.com.mx\/wp-content\/uploads\/2020\/03\/ezy-watermark_03-03-2020_01-09-54p.m.-1200x900.jpg 1200w\" sizes=\"auto, (max-width: 1600px) 100vw, 1600px\" \/><\/figure>\n\n\n\n<p><strong>Juan Arcos<\/strong> <\/p>\n\n\n\n<p>Xalapa, Ver.- El desabasto de cubrebocas y gel antibacterial contin\u00faa en las farmacias de la capital del estado.<\/p>\n\n\n\n<p>De acuerdo con la se\u00f1ora Mar\u00eda Georgina Z\u00e1rate Rivera, la misma situaci\u00f3n se presenta en la mayor\u00eda de las cadenas farmac\u00e9uticas de la ciudad.<\/p>\n\n\n\n<p>Recorri\u00f3 estos establecimientos desde la avenida 20 de Noviembre hasta el Centro Hist\u00f3rico.<\/p>\n\n\n\n<p>Desde el viernes pasado se agotaron los cubrebocas, el gel antibacterial y la vitamina C.<\/p>\n\n\n\n<p>\u201cDicen que no hay, ya vengo desde all\u00e1 buscando, ir\u00e9 al hospital para ver qu\u00e9 me dicen\u201d.<\/p>\n\n\n\n<p>Los encargados de algunos de estos establecimientos confirmaron que no han sido suministrados dichos art\u00edculo para prevenir el contagio del coronavirus.<\/p>\n\n\n\n<p>Al darse a conocer que en el pa\u00eds hay casos confirmados de COVID-19, la gente comenz\u00f3 a realizar compras de p\u00e1nico. <\/p>\n\n\n\n<p>Cabe mencionar que los paquetes con diez cubrebocas cuestan entre diez y 19 pesos, dependiendo de cada establecimiento.<\/p>\n","protected":false},"excerpt":{"rendered":"<p>Juan Arcos Xalapa, Ver.- El desabasto de cubrebocas y gel antibacterial contin\u00faa en las farmacias de la capital del estado. De acuerdo con la se\u00f1ora Mar\u00eda Georgina Z\u00e1rate Rivera, la misma situaci\u00f3n se presenta en la mayor\u00eda de las cadenas farmac\u00e9uticas de la ciudad. Recorri\u00f3 estos establecimientos desde la avenida 20 de Noviembre hasta el [&hellip;]<\/p>\n","protected":false},"author":1,"featured_media":293,"comment_status":"open","ping_status":"open","sticky":false,"template":"","format":"standard","meta":{"_jetpack_memberships_contains_paid_content":false,"footnotes":""},"categories":[9],"tags":[],"class_list":["post-294","post","type-post","status-publish","format-standard","has-post-thumbnail","hentry","category-salud"],"jetpack_featured_media_url":"https:\/\/encuentroinformativo.com.mx\/wp-content\/uploads\/2020\/03\/ezy-watermark_03-03-2020_01-09-54p.m..jpg","jetpack_sharing_enabled":true,"jetpack_likes_enabled":true,"amp_enabled":true,"_links":{"self":[{"href":"https:\/\/encuentroinformativo.com.mx\/index.php?rest_route=\/wp\/v2\/posts\/294","targetHints":{"allow":["GET"]}}],"collection":[{"href":"https:\/\/encuentroinformativo.com.mx\/index.php?rest_route=\/wp\/v2\/posts"}],"about":[{"href":"https:\/\/encuentroinformativo.com.mx\/index.php?rest_route=\/wp\/v2\/types\/post"}],"author":[{"embeddable":true,"href":"https:\/\/encuentroinformativo.com.mx\/index.php?rest_route=\/wp\/v2\/users\/1"}],"replies":[{"embeddable":true,"href":"https:\/\/encuentroinformativo.com.mx\/index.php?rest_route=%2Fwp%2Fv2%2Fcomments&post=294"}],"version-history":[{"count":1,"href":"https:\/\/encuentroinformativo.com.mx\/index.php?rest_route=\/wp\/v2\/posts\/294\/revisions"}],"predecessor-version":[{"id":357,"href":"https:\/\/encuentroinformativo.com.mx\/index.php?rest_route=\/wp\/v2\/posts\/294\/revisions\/357"}],"wp:featuredmedia":[{"embeddable":true,"href":"https:\/\/encuentroinformativo.com.mx\/index.php?rest_route=\/wp\/v2\/media\/293"}],"wp:attachment":[{"href":"https:\/\/encuentroinformativo.com.mx\/index.php?rest_route=%2Fwp%2Fv2%2Fmedia&parent=294"}],"wp:term":[{"taxonomy":"category","embeddable":true,"href":"https:\/\/encuentroinformativo.com.mx\/index.php?rest_route=%2Fwp%2Fv2%2Fcategories&post=294"},{"taxonomy":"post_tag","embeddable":true,"href":"https:\/\/encuentroinformativo.com.mx\/index.php?rest_route=%2Fwp%2Fv2%2Ftags&post=294"}],"curies":[{"name":"wp","href":"https:\/\/api.w.org\/{rel}","templated":true}]}}