{"id":29404,"date":"2022-07-14T13:26:08","date_gmt":"2022-07-14T18:26:08","guid":{"rendered":"https:\/\/encuentroinformativo.com.mx\/?p=29404"},"modified":"2022-07-14T13:26:12","modified_gmt":"2022-07-14T18:26:12","slug":"en-las-vigas-a-la-baja-tala-inmoderada-segun-alcalde","status":"publish","type":"post","link":"https:\/\/encuentroinformativo.com.mx\/?p=29404","title":{"rendered":"En Las Vigas, a la baja tala inmoderada; seg\u00fan Alcalde"},"content":{"rendered":"\n<p><strong>Dar\u00edo Pale <\/strong><\/p>\n\n\n\n<p>Xalapa, Ver.- El presidente municipal de Las Vigas de Ram\u00edrez, Jos\u00e9 de Jes\u00fas Landa Hern\u00e1ndez, dio a concomer que, en su municipio ha bajado el delito de la tala clandestina pero desafortunadamente en los municipios vecinos hay muchos aserraderos los cuales las autoridades ya est\u00e1n vigilando.<\/p>\n\n\n\n<p>En entrevista se\u00f1al\u00f3 que gracias a los operativos que se est\u00e1n haciendo en conjunto la SEDEMA y la CONAFOR, as\u00ed como la SSP, se ha combatido la tala clandestina del cofre de Perote local ocasion\u00f3 que uno de los aserraderos m\u00e1s viejos haya cerrado sus puertas.<\/p>\n\n\n\n<p>Lament\u00f3 que en los municipios aleda\u00f1os hay muchos aserraderos los cuales han estado vigilando con las autoridades correspondientes para hacer la revisi\u00f3n de las v\u00edas de transporte de la madera y est\u00e1n acusando de manera coordinada para poder evitar este tipo de delitos.<\/p>\n\n\n\n<p>&#8220;Con estos operativos que han estado haciendo ha disminuido mucho este tipo de delitos, bueno ellos ya han hecho en algunas localidades colindantes del municipio se han hecho algunos operativos, se han detectado algunos aserraderos clandestinos y pues se a actuado de esa forma y eso ha disminuido este tipo de delitos&#8221;, se\u00f1al\u00f3.<\/p>\n\n\n\n<p>Con los municipios que colindan son Acajete, Perote, Las Minas y Tatatila, donde tambi\u00e9n est\u00e1 ese problema de la tala clandestina.<\/p>\n\n\n\n<p>En otro orden de ideas, en cuanto a la recuperaci\u00f3n de los bosques por los incendios se\u00f1al\u00f3 que han estado reforestando algunas partes, y otras se han dado de forma natural ya que fueron m\u00e1s de 680 hect\u00e1reas las que se quemaron.<\/p>\n\n\n\n<p>Dio a conocer que el rebrote natural es el que m\u00e1s crece y que mejor se sostiene y que el que plantan se le tiene que tener cuidado y estarlo regando, sin embargo a planta Tiida que nace de forma natural su desarrollo es mucho mejor.<\/p>\n\n\n\n<p>Finalmente coment\u00f3 que solo han logrado sembrar una cuarta parte de toda la extensi\u00f3n que result\u00f3 afectada por el incendio, pero no de sus proyectos es tener un vivero municipal forestal para poder cubrir toda la extensi\u00f3n.<\/p>\n","protected":false},"excerpt":{"rendered":"<p>Dar\u00edo Pale Xalapa, Ver.- El presidente municipal de Las Vigas de Ram\u00edrez, Jos\u00e9 de Jes\u00fas Landa Hern\u00e1ndez, dio a concomer que, en su municipio ha bajado el delito de la tala clandestina pero desafortunadamente en los municipios vecinos hay muchos aserraderos los cuales las autoridades ya est\u00e1n vigilando. En entrevista se\u00f1al\u00f3 que gracias a los [&hellip;]<\/p>\n","protected":false},"author":1,"featured_media":29405,"comment_status":"open","ping_status":"open","sticky":false,"template":"","format":"standard","meta":{"_jetpack_memberships_contains_paid_content":false,"footnotes":""},"categories":[8],"tags":[],"class_list":["post-29404","post","type-post","status-publish","format-standard","has-post-thumbnail","hentry","category-region"],"jetpack_featured_media_url":"https:\/\/encuentroinformativo.com.mx\/wp-content\/uploads\/2022\/07\/D9D02C73-778E-4D9F-8ADA-7BFD9FF74D11.jpeg","jetpack_sharing_enabled":true,"jetpack_likes_enabled":true,"amp_enabled":true,"_links":{"self":[{"href":"https:\/\/encuentroinformativo.com.mx\/index.php?rest_route=\/wp\/v2\/posts\/29404","targetHints":{"allow":["GET"]}}],"collection":[{"href":"https:\/\/encuentroinformativo.com.mx\/index.php?rest_route=\/wp\/v2\/posts"}],"about":[{"href":"https:\/\/encuentroinformativo.com.mx\/index.php?rest_route=\/wp\/v2\/types\/post"}],"author":[{"embeddable":true,"href":"https:\/\/encuentroinformativo.com.mx\/index.php?rest_route=\/wp\/v2\/users\/1"}],"replies":[{"embeddable":true,"href":"https:\/\/encuentroinformativo.com.mx\/index.php?rest_route=%2Fwp%2Fv2%2Fcomments&post=29404"}],"version-history":[{"count":1,"href":"https:\/\/encuentroinformativo.com.mx\/index.php?rest_route=\/wp\/v2\/posts\/29404\/revisions"}],"predecessor-version":[{"id":29406,"href":"https:\/\/encuentroinformativo.com.mx\/index.php?rest_route=\/wp\/v2\/posts\/29404\/revisions\/29406"}],"wp:featuredmedia":[{"embeddable":true,"href":"https:\/\/encuentroinformativo.com.mx\/index.php?rest_route=\/wp\/v2\/media\/29405"}],"wp:attachment":[{"href":"https:\/\/encuentroinformativo.com.mx\/index.php?rest_route=%2Fwp%2Fv2%2Fmedia&parent=29404"}],"wp:term":[{"taxonomy":"category","embeddable":true,"href":"https:\/\/encuentroinformativo.com.mx\/index.php?rest_route=%2Fwp%2Fv2%2Fcategories&post=29404"},{"taxonomy":"post_tag","embeddable":true,"href":"https:\/\/encuentroinformativo.com.mx\/index.php?rest_route=%2Fwp%2Fv2%2Ftags&post=29404"}],"curies":[{"name":"wp","href":"https:\/\/api.w.org\/{rel}","templated":true}]}}