{"id":29407,"date":"2022-07-14T14:00:02","date_gmt":"2022-07-14T19:00:02","guid":{"rendered":"https:\/\/encuentroinformativo.com.mx\/?p=29407"},"modified":"2022-07-14T14:00:06","modified_gmt":"2022-07-14T19:00:06","slug":"tres-empresas-transnacionales-podrian-poner-fabricas-en-veracruz-sedecop","status":"publish","type":"post","link":"https:\/\/encuentroinformativo.com.mx\/?p=29407","title":{"rendered":"Tres empresas transnacionales podr\u00edan poner f\u00e1bricas en Veracruz: SEDECOP"},"content":{"rendered":"\n<p><strong>Alejandro \u00c1vila<\/strong><\/p>\n\n\n\n<p>Boca del R\u00edo, Ver.- El secretario de Desarrollo Econ\u00f3mico y Portuario, Enrique Nach\u00f3n Garc\u00eda mencion\u00f3 que, existen tres empresas transnacionales que buscan poner una f\u00e1brica en Veracruz.<\/p>\n\n\n\n<p>Est\u00e1s empresas se\u00f1al\u00f3, son marcas conocidas y de \u00e9xito internacional, tal como la empresa Nestl\u00e9, misma que inaugurar\u00e1 su f\u00e1brica en la ciudad industrial &#8220;Bruno Pagliai&#8221; el pr\u00f3ximo s\u00e1bado.<\/p>\n\n\n\n<p>Al cuestionarle sobre de que empresa se trataba, el funcionario estatal dijo que, por el momento no pod\u00eda dar detalles; sin embargo, asegur\u00f3 en pr\u00f3ximas fechas estar\u00e1n dando a conocer los avances.<\/p>\n\n\n\n<p>&#8220;Hay tres que creemos que podremos anunciar este a\u00f1o&#8221;.<\/p>\n\n\n\n<p>Enrique Nach\u00f3n coment\u00f3 que, a los empresarios se les ext\u00e1 mostrando varias zonas de la entidad veracruzana, y ser\u00e1n ellos qui\u00e9nes decidan d\u00f3nde, con base en sus necesidades, establezcan su f\u00e1brica.<\/p>\n\n\n\n<p>Adem\u00e1s, coment\u00f3 que, existen otras empresas del sector energ\u00e9tico y una maquiladora que tambi\u00e9n est\u00e1n interesadas en invertir en Veracruz, de concretarse, tambi\u00e9n se anunciar\u00e1 este mismo a\u00f1o.<\/p>\n\n\n\n<p>Asimismo, remarc\u00f3 que, se est\u00e1 luchando porque Amazon venga a la zona del Itsmo de Tehuantepec.<\/p>\n\n\n\n<p>En cuanto a los cinco parques industriales en el estado, dijo que ya solo falta la etapa de la comercializaci\u00f3n, misma que corresponden a la federaci\u00f3n.<\/p>\n\n\n\n<p>&#8220;En un principio eran especializados los parques industriales, sin embargo, alguno puede ser multifuncional&#8221;.<\/p>\n\n\n\n<p>Para concluir, Nach\u00f3n Garc\u00eda, record\u00f3 que este s\u00e1bado el presidente Andr\u00e9s Manuel L\u00f3pez Obrador estar\u00e1 en Veracruz inaugurando la empresa Nestl\u00e9 en la que se invirtieron alrededor de 400 millones de d\u00f3lares y se crearon cerca de 2 mil empleos en su ejecuci\u00f3n.<\/p>\n","protected":false},"excerpt":{"rendered":"<p>Alejandro \u00c1vila Boca del R\u00edo, Ver.- El secretario de Desarrollo Econ\u00f3mico y Portuario, Enrique Nach\u00f3n Garc\u00eda mencion\u00f3 que, existen tres empresas transnacionales que buscan poner una f\u00e1brica en Veracruz. Est\u00e1s empresas se\u00f1al\u00f3, son marcas conocidas y de \u00e9xito internacional, tal como la empresa Nestl\u00e9, misma que inaugurar\u00e1 su f\u00e1brica en la ciudad industrial &#8220;Bruno Pagliai&#8221; [&hellip;]<\/p>\n","protected":false},"author":1,"featured_media":29408,"comment_status":"open","ping_status":"open","sticky":false,"template":"","format":"standard","meta":{"_jetpack_memberships_contains_paid_content":false,"footnotes":""},"categories":[2],"tags":[],"class_list":["post-29407","post","type-post","status-publish","format-standard","has-post-thumbnail","hentry","category-estado"],"jetpack_featured_media_url":"https:\/\/encuentroinformativo.com.mx\/wp-content\/uploads\/2022\/07\/29DD7196-2CA8-4675-890F-FEF1576AD4B7.jpeg","jetpack_sharing_enabled":true,"jetpack_likes_enabled":true,"amp_enabled":true,"_links":{"self":[{"href":"https:\/\/encuentroinformativo.com.mx\/index.php?rest_route=\/wp\/v2\/posts\/29407","targetHints":{"allow":["GET"]}}],"collection":[{"href":"https:\/\/encuentroinformativo.com.mx\/index.php?rest_route=\/wp\/v2\/posts"}],"about":[{"href":"https:\/\/encuentroinformativo.com.mx\/index.php?rest_route=\/wp\/v2\/types\/post"}],"author":[{"embeddable":true,"href":"https:\/\/encuentroinformativo.com.mx\/index.php?rest_route=\/wp\/v2\/users\/1"}],"replies":[{"embeddable":true,"href":"https:\/\/encuentroinformativo.com.mx\/index.php?rest_route=%2Fwp%2Fv2%2Fcomments&post=29407"}],"version-history":[{"count":1,"href":"https:\/\/encuentroinformativo.com.mx\/index.php?rest_route=\/wp\/v2\/posts\/29407\/revisions"}],"predecessor-version":[{"id":29409,"href":"https:\/\/encuentroinformativo.com.mx\/index.php?rest_route=\/wp\/v2\/posts\/29407\/revisions\/29409"}],"wp:featuredmedia":[{"embeddable":true,"href":"https:\/\/encuentroinformativo.com.mx\/index.php?rest_route=\/wp\/v2\/media\/29408"}],"wp:attachment":[{"href":"https:\/\/encuentroinformativo.com.mx\/index.php?rest_route=%2Fwp%2Fv2%2Fmedia&parent=29407"}],"wp:term":[{"taxonomy":"category","embeddable":true,"href":"https:\/\/encuentroinformativo.com.mx\/index.php?rest_route=%2Fwp%2Fv2%2Fcategories&post=29407"},{"taxonomy":"post_tag","embeddable":true,"href":"https:\/\/encuentroinformativo.com.mx\/index.php?rest_route=%2Fwp%2Fv2%2Ftags&post=29407"}],"curies":[{"name":"wp","href":"https:\/\/api.w.org\/{rel}","templated":true}]}}