{"id":29410,"date":"2022-07-14T14:02:27","date_gmt":"2022-07-14T19:02:27","guid":{"rendered":"https:\/\/encuentroinformativo.com.mx\/?p=29410"},"modified":"2022-07-14T14:02:29","modified_gmt":"2022-07-14T19:02:29","slug":"boca-del-rio-ya-no-tendra-escultura-en-honor-a-voladores-de-papantla","status":"publish","type":"post","link":"https:\/\/encuentroinformativo.com.mx\/?p=29410","title":{"rendered":"Boca del R\u00edo ya no tendr\u00e1 escultura en honor a Voladores de Papantla"},"content":{"rendered":"\n<p><strong>Alejandro \u00c1vila<\/strong><\/p>\n\n\n\n<p>Boca del R\u00edo, Ver.- La escultura en honor a los Voladores de Papantla que se ubicaba en una glorieta del municipio de Boca del R\u00edo, ya no volver\u00e1 a ser colocada, mencion\u00f3 el alcalde, Juan Manuel Unanue Abascal.<\/p>\n\n\n\n<p>El presidente municipal detall\u00f3 qu\u00e9, fue el mismo creador de la obra, Bernardo Luis Artasanchez, qui\u00e9n le comento qu\u00e9 no hay condiciones para rehabilitarla, y tendr\u00eda que hacerse completamente nueva.<\/p>\n\n\n\n<p>Unanue Abascal dijo que, la inversi\u00f3n para realizar una nueva escultura rondar\u00eda los 10 o 12 millones de pesos, por lo que se desisti\u00f3 de crearla nuevamente, y est\u00e1n detallando un proyecto de jardiner\u00eda para vestir la glorieta.<\/p>\n\n\n\n<p>&#8220;Ya no se colcar\u00e1, esos diez &#8211; doce millones de pesos se invertir\u00e1n en obras&#8221;, se\u00f1al\u00f3 el alcalde.<\/p>\n\n\n\n<p>Precis\u00f3 que, al respecto de la obra p\u00fablica, ya han concluido con el desazolve del Dren B, la limpieza del canal de la Zamora del lado de la colonia Carranza y agreg\u00f3 que, en una semana concluir\u00e1 del lado de Las Vegas.<\/p>\n\n\n\n<p>Adem\u00e1s, dijo que, el programa de bacheo avanza en la Tampiquera y resalt\u00f3 que los trabajos en la avenida Juan Pablo II se har\u00e1n en concreto hidr\u00e1ulico e iniciar\u00e1n en poco m\u00e1s de un mes.<\/p>\n","protected":false},"excerpt":{"rendered":"<p>Alejandro \u00c1vila Boca del R\u00edo, Ver.- La escultura en honor a los Voladores de Papantla que se ubicaba en una glorieta del municipio de Boca del R\u00edo, ya no volver\u00e1 a ser colocada, mencion\u00f3 el alcalde, Juan Manuel Unanue Abascal. El presidente municipal detall\u00f3 qu\u00e9, fue el mismo creador de la obra, Bernardo Luis Artasanchez, [&hellip;]<\/p>\n","protected":false},"author":1,"featured_media":29411,"comment_status":"open","ping_status":"open","sticky":false,"template":"","format":"standard","meta":{"_jetpack_memberships_contains_paid_content":false,"footnotes":""},"categories":[2],"tags":[],"class_list":["post-29410","post","type-post","status-publish","format-standard","has-post-thumbnail","hentry","category-estado"],"jetpack_featured_media_url":"https:\/\/encuentroinformativo.com.mx\/wp-content\/uploads\/2022\/07\/C51E9C38-D8CE-42AA-B0B6-2AF8F6A9B4D5.jpeg","jetpack_sharing_enabled":true,"jetpack_likes_enabled":true,"amp_enabled":true,"_links":{"self":[{"href":"https:\/\/encuentroinformativo.com.mx\/index.php?rest_route=\/wp\/v2\/posts\/29410","targetHints":{"allow":["GET"]}}],"collection":[{"href":"https:\/\/encuentroinformativo.com.mx\/index.php?rest_route=\/wp\/v2\/posts"}],"about":[{"href":"https:\/\/encuentroinformativo.com.mx\/index.php?rest_route=\/wp\/v2\/types\/post"}],"author":[{"embeddable":true,"href":"https:\/\/encuentroinformativo.com.mx\/index.php?rest_route=\/wp\/v2\/users\/1"}],"replies":[{"embeddable":true,"href":"https:\/\/encuentroinformativo.com.mx\/index.php?rest_route=%2Fwp%2Fv2%2Fcomments&post=29410"}],"version-history":[{"count":1,"href":"https:\/\/encuentroinformativo.com.mx\/index.php?rest_route=\/wp\/v2\/posts\/29410\/revisions"}],"predecessor-version":[{"id":29412,"href":"https:\/\/encuentroinformativo.com.mx\/index.php?rest_route=\/wp\/v2\/posts\/29410\/revisions\/29412"}],"wp:featuredmedia":[{"embeddable":true,"href":"https:\/\/encuentroinformativo.com.mx\/index.php?rest_route=\/wp\/v2\/media\/29411"}],"wp:attachment":[{"href":"https:\/\/encuentroinformativo.com.mx\/index.php?rest_route=%2Fwp%2Fv2%2Fmedia&parent=29410"}],"wp:term":[{"taxonomy":"category","embeddable":true,"href":"https:\/\/encuentroinformativo.com.mx\/index.php?rest_route=%2Fwp%2Fv2%2Fcategories&post=29410"},{"taxonomy":"post_tag","embeddable":true,"href":"https:\/\/encuentroinformativo.com.mx\/index.php?rest_route=%2Fwp%2Fv2%2Ftags&post=29410"}],"curies":[{"name":"wp","href":"https:\/\/api.w.org\/{rel}","templated":true}]}}