{"id":29413,"date":"2022-07-14T14:51:04","date_gmt":"2022-07-14T19:51:04","guid":{"rendered":"https:\/\/encuentroinformativo.com.mx\/?p=29413"},"modified":"2022-07-14T14:51:09","modified_gmt":"2022-07-14T19:51:09","slug":"preven-construir-planta-procesadora-de-fertilizantes-en-poza-rica","status":"publish","type":"post","link":"https:\/\/encuentroinformativo.com.mx\/?p=29413","title":{"rendered":"Prev\u00e9n construir Planta Procesadora de Fertilizantes en Poza Rica"},"content":{"rendered":"\n<p><strong>Alejandro \u00c1vila<\/strong><\/p>\n\n\n\n<p>Poza Rica, Ver.- Dentro del complejo petroqu\u00edmico de Escolin ubicado en el municipio de Poza Rica, se pretende construir una Planta Procesadora de Fertilizantes, espacio que podr\u00eda ser supervisado este s\u00e1bado, por el presidente de la rep\u00fablica, Andr\u00e9s Manuel L\u00f3pez Obrador.<\/p>\n\n\n\n<p>Aunque las autoridades municipales no han confirmado la visita del Ejecutivo Federal, personal de Pemex, recibi\u00f3 la visita de la avanzada de Gobierno del Estado la ma\u00f1ana de este jueves.<\/p>\n\n\n\n<p>El presidente de la rep\u00fablica estar\u00e1 de visita en el puerto de Veracruz el mismo s\u00e1bado, donde inaugurar\u00e1 la f\u00e1brica de la empresa Nestl\u00e9, y se espera qu\u00e9 para su probable arribo a Poza Rica, se haga acompa\u00f1ar de la secretaria de Energ\u00eda, Rocio Nahle Garc\u00eda, al igual que del Gobernador, Cuitlahuac Garc\u00eda Jim\u00e9nez.<\/p>\n\n\n\n<p>Desde hace algunas semanas, representantes de diferentes dependencias de nivel estatal, recorrieron las&nbsp; instalaciones del complejo para evaluar si este cuenta con las condiciones para poder establecer la mencionada Planta Procesadora de Fertilizantes.<\/p>\n\n\n\n<p>Se estima que de confirmar este proyecto, la econom\u00eda en el municipio de Poza Rica y sus alrededores, se reactive.<\/p>\n\n\n\n<p>Cabe mencionar que, desde el inicio de su administraci\u00f3n, el presidente, Andr\u00e9s Manuel L\u00f3pez Obrador, ha sido enf\u00e1tico en subrayar que se busca la reactivaci\u00f3n de zonas petroleras en Veracruz, poniendo especial atenci\u00f3n en Poza Rica.<\/p>\n","protected":false},"excerpt":{"rendered":"<p>Alejandro \u00c1vila Poza Rica, Ver.- Dentro del complejo petroqu\u00edmico de Escolin ubicado en el municipio de Poza Rica, se pretende construir una Planta Procesadora de Fertilizantes, espacio que podr\u00eda ser supervisado este s\u00e1bado, por el presidente de la rep\u00fablica, Andr\u00e9s Manuel L\u00f3pez Obrador. Aunque las autoridades municipales no han confirmado la visita del Ejecutivo Federal, [&hellip;]<\/p>\n","protected":false},"author":1,"featured_media":29414,"comment_status":"open","ping_status":"open","sticky":false,"template":"","format":"standard","meta":{"_jetpack_memberships_contains_paid_content":false,"footnotes":""},"categories":[2],"tags":[],"class_list":["post-29413","post","type-post","status-publish","format-standard","has-post-thumbnail","hentry","category-estado"],"jetpack_featured_media_url":"https:\/\/encuentroinformativo.com.mx\/wp-content\/uploads\/2022\/07\/48A134EA-9932-4E48-B21B-889C1F14C0FA.jpeg","jetpack_sharing_enabled":true,"jetpack_likes_enabled":true,"amp_enabled":true,"_links":{"self":[{"href":"https:\/\/encuentroinformativo.com.mx\/index.php?rest_route=\/wp\/v2\/posts\/29413","targetHints":{"allow":["GET"]}}],"collection":[{"href":"https:\/\/encuentroinformativo.com.mx\/index.php?rest_route=\/wp\/v2\/posts"}],"about":[{"href":"https:\/\/encuentroinformativo.com.mx\/index.php?rest_route=\/wp\/v2\/types\/post"}],"author":[{"embeddable":true,"href":"https:\/\/encuentroinformativo.com.mx\/index.php?rest_route=\/wp\/v2\/users\/1"}],"replies":[{"embeddable":true,"href":"https:\/\/encuentroinformativo.com.mx\/index.php?rest_route=%2Fwp%2Fv2%2Fcomments&post=29413"}],"version-history":[{"count":1,"href":"https:\/\/encuentroinformativo.com.mx\/index.php?rest_route=\/wp\/v2\/posts\/29413\/revisions"}],"predecessor-version":[{"id":29415,"href":"https:\/\/encuentroinformativo.com.mx\/index.php?rest_route=\/wp\/v2\/posts\/29413\/revisions\/29415"}],"wp:featuredmedia":[{"embeddable":true,"href":"https:\/\/encuentroinformativo.com.mx\/index.php?rest_route=\/wp\/v2\/media\/29414"}],"wp:attachment":[{"href":"https:\/\/encuentroinformativo.com.mx\/index.php?rest_route=%2Fwp%2Fv2%2Fmedia&parent=29413"}],"wp:term":[{"taxonomy":"category","embeddable":true,"href":"https:\/\/encuentroinformativo.com.mx\/index.php?rest_route=%2Fwp%2Fv2%2Fcategories&post=29413"},{"taxonomy":"post_tag","embeddable":true,"href":"https:\/\/encuentroinformativo.com.mx\/index.php?rest_route=%2Fwp%2Fv2%2Ftags&post=29413"}],"curies":[{"name":"wp","href":"https:\/\/api.w.org\/{rel}","templated":true}]}}