{"id":29416,"date":"2022-07-14T16:33:09","date_gmt":"2022-07-14T21:33:09","guid":{"rendered":"https:\/\/encuentroinformativo.com.mx\/?p=29416"},"modified":"2022-07-14T16:33:14","modified_gmt":"2022-07-14T21:33:14","slug":"reclaman-en-la-sev-cumplimiento-de-demandas-del-snte","status":"publish","type":"post","link":"https:\/\/encuentroinformativo.com.mx\/?p=29416","title":{"rendered":"Reclaman en la SEV cumplimiento de demandas del SNTE"},"content":{"rendered":"\n<p><strong>Dar\u00edo Pale <\/strong><\/p>\n\n\n\n<p>Xalapa, Ver.- El profesor Ricardo Reyes Cruz Secretario de Negociaci\u00f3n Laboral de la Secci\u00f3n 32 del SNTE, dio a conocer que acudieron a las instalaciones de la SEV para hacer entrega de un documento con diferentes demandas las cuales quieren que sean atendidas de forma inmediata, a m\u00e1s tardar el pr\u00f3ximo domingo.<\/p>\n\n\n\n<p>Entrevistado en las instalaciones de la Secretar\u00eda de Educaci\u00f3n de Veracruz (SEV), se\u00f1al\u00f3 que en representaci\u00f3n del profesor Daniel Covarrubias L\u00f3pez Secretario General de la secci\u00f3n 32 del SNTE, present\u00f3 un documento contundente, definitivo, donde exigen que sea atendido a la brevedad posible.<\/p>\n\n\n\n<p>Acompa\u00f1ado de la comisi\u00f3n negociadora est\u00e1n exigiendo primero que se pague inmediatamente el bono de los docentes que ascendieron a la promoci\u00f3n vertical ya que es la quincena numero quince y no se las quieren reconocer y la SEV les est\u00e1 negando la quincena XV y eso violenta sus derechos.<\/p>\n\n\n\n<p>&#8220;No tenemos ning\u00fan otro punto de negociaci\u00f3n m\u00e1s que exigir contundentemente que se pague a los trabajadores que ya devengaron y ya se ganaron este beneficio, no es posible que se les pueda negar con el argumento de que ellos ascendieron a este puesto en la quincena IX en Mayo y a la fecha los consideren trabajadores de nuevo ingreso&#8221;, se\u00f1al\u00f3.<\/p>\n\n\n\n<p>Son trabajadores que ascendieron de plazas administrativas a docentes y de docentes a plazas directivas, de directores a jefes de ense\u00f1anza, de jefes de ense\u00f1anza a supervisores y de supervisores a jefes de sector, adem\u00e1s que les cortaron el pago del bono del d\u00eda del maestro, el del d\u00eda de las madres, el de supervisores.<\/p>\n\n\n\n<p>Acusaron que la SEV no ha tenido la sensibilidad de responderle a los trabajadores de la educaci\u00f3n del estado, por lo cual solicitaron un alto a los atropellos en contra de los trabajadores federalizados, por lo cual est\u00e1n exigiendo el pago.<\/p>\n\n\n\n<p>Tambi\u00e9n est\u00e1n solicitando la protecci\u00f3n de la p\u00f3liza del seguro de vida institucional para los trabajadores federalizados, al igual que el pago del retroactivo del incremento salaria del 2022 que ten\u00eda como fecha l\u00edmite la quincena XIV y se las pasaron hasta el 15 de agosto.<\/p>\n\n\n\n<p>Solicitaron el respeto para el ordenamiento para supervisores de educaci\u00f3n ind\u00edgena que cumplieron con todos los requisitos incluyendo el dialecto de de su regi\u00f3n de origen ya que los quieren cambiar de zona y eso representa un agravio en sus intereses y compromete la legalidad decidi\u00f3 maque hablan.<\/p>\n\n\n\n<p>Finalmente se\u00f1alaron que no est\u00e1n ofertando todos los lugares vacantes en todos los niveles educativos, lo cual limita el poder beneficiar a m\u00e1s compa\u00f1eros que en el uso de su derecho se acerquen a sus lugares de origen, de lo contrario solicitar\u00e1n se les paguen los vi\u00e1ticos de traslado, y de no tener una respuesta favorable el pr\u00f3ximo domingo de lo contrario tomar\u00e1n medidas m\u00e1s en\u00e9rgicas para lograr sus objetivos.<\/p>\n","protected":false},"excerpt":{"rendered":"<p>Dar\u00edo Pale Xalapa, Ver.- El profesor Ricardo Reyes Cruz Secretario de Negociaci\u00f3n Laboral de la Secci\u00f3n 32 del SNTE, dio a conocer que acudieron a las instalaciones de la SEV para hacer entrega de un documento con diferentes demandas las cuales quieren que sean atendidas de forma inmediata, a m\u00e1s tardar el pr\u00f3ximo domingo. Entrevistado [&hellip;]<\/p>\n","protected":false},"author":1,"featured_media":29417,"comment_status":"open","ping_status":"open","sticky":false,"template":"","format":"standard","meta":{"_jetpack_memberships_contains_paid_content":false,"footnotes":""},"categories":[2],"tags":[],"class_list":["post-29416","post","type-post","status-publish","format-standard","has-post-thumbnail","hentry","category-estado"],"jetpack_featured_media_url":"https:\/\/encuentroinformativo.com.mx\/wp-content\/uploads\/2022\/07\/E27301E6-D81E-4E6A-9EEA-82916953428F.jpeg","jetpack_sharing_enabled":true,"jetpack_likes_enabled":true,"amp_enabled":true,"_links":{"self":[{"href":"https:\/\/encuentroinformativo.com.mx\/index.php?rest_route=\/wp\/v2\/posts\/29416","targetHints":{"allow":["GET"]}}],"collection":[{"href":"https:\/\/encuentroinformativo.com.mx\/index.php?rest_route=\/wp\/v2\/posts"}],"about":[{"href":"https:\/\/encuentroinformativo.com.mx\/index.php?rest_route=\/wp\/v2\/types\/post"}],"author":[{"embeddable":true,"href":"https:\/\/encuentroinformativo.com.mx\/index.php?rest_route=\/wp\/v2\/users\/1"}],"replies":[{"embeddable":true,"href":"https:\/\/encuentroinformativo.com.mx\/index.php?rest_route=%2Fwp%2Fv2%2Fcomments&post=29416"}],"version-history":[{"count":1,"href":"https:\/\/encuentroinformativo.com.mx\/index.php?rest_route=\/wp\/v2\/posts\/29416\/revisions"}],"predecessor-version":[{"id":29418,"href":"https:\/\/encuentroinformativo.com.mx\/index.php?rest_route=\/wp\/v2\/posts\/29416\/revisions\/29418"}],"wp:featuredmedia":[{"embeddable":true,"href":"https:\/\/encuentroinformativo.com.mx\/index.php?rest_route=\/wp\/v2\/media\/29417"}],"wp:attachment":[{"href":"https:\/\/encuentroinformativo.com.mx\/index.php?rest_route=%2Fwp%2Fv2%2Fmedia&parent=29416"}],"wp:term":[{"taxonomy":"category","embeddable":true,"href":"https:\/\/encuentroinformativo.com.mx\/index.php?rest_route=%2Fwp%2Fv2%2Fcategories&post=29416"},{"taxonomy":"post_tag","embeddable":true,"href":"https:\/\/encuentroinformativo.com.mx\/index.php?rest_route=%2Fwp%2Fv2%2Ftags&post=29416"}],"curies":[{"name":"wp","href":"https:\/\/api.w.org\/{rel}","templated":true}]}}