{"id":29419,"date":"2022-07-14T16:38:38","date_gmt":"2022-07-14T21:38:38","guid":{"rendered":"https:\/\/encuentroinformativo.com.mx\/?p=29419"},"modified":"2022-07-14T16:38:42","modified_gmt":"2022-07-14T21:38:42","slug":"descarta-ademar-buscar-dirigencia-de-morena","status":"publish","type":"post","link":"https:\/\/encuentroinformativo.com.mx\/?p=29419","title":{"rendered":"Descarta Ademar buscar dirigencia de Morena"},"content":{"rendered":"\n<p><strong>Juan Arcos <\/strong><\/p>\n\n\n\n<p>Xalapa, Ver.- El Secretario de Organizaci\u00f3n del Comit\u00e9 Estatal del Movimiento de Regeneraci\u00f3n Nacional (Morena), Yair Ademar Dom\u00ednguez V\u00e1zquez, declar\u00f3 que no competir\u00e1 por la dirigencia estatal en el proceso para su renovaci\u00f3n.<\/p>\n\n\n\n<p>El morenista dijo que tom\u00f3 la decisi\u00f3n personal de no participar, con el objetivo de mantener la unidad al interior de este partido pol\u00edtico.<\/p>\n\n\n\n<p>\u201cNi para competir no solo por la dirigencia, sino de ning\u00fan cargo del Comit\u00e9 Estatal, ni como consejero estatal, esto con la finalidad de mantener la unidad en el partido y la organizaci\u00f3n que hoy tenemos en nuestro movimiento\u201d, expres\u00f3.<\/p>\n\n\n\n<p>A\u00f1adi\u00f3 que adem\u00e1s de encabezar la Secretar\u00eda de Organizaci\u00f3n actualmente en el Comit\u00e9 Ejecutivo Estatal tambi\u00e9n tiene la responsabilidad del Comit\u00e9 Ejecutivo Nacional de coordinar los trabajos de estructura del partido en Veracruz, labor que seguir\u00e1 desempe\u00f1ando.<\/p>\n\n\n\n<p>\u201cQuiero destacar esta parte, qu\u00e9 adicional a la Secretar\u00eda de Organizaci\u00f3n, un servidor tiene la responsabilidad del Comit\u00e9 Ejecutivo Nacional de coordinar los trabajos de estructura del partido en Veracruz y con esa tarea es con la que vamos a continuar\u201d, expres\u00f3.<\/p>\n\n\n\n<p>Dom\u00ednguez V\u00e1zquez se\u00f1al\u00f3 que ante el proceso de reorganizaci\u00f3n en Morena, lo importante es concentrarse en la unidad y la organizaci\u00f3n.<\/p>\n\n\n\n<p>Record\u00f3 que Morena vivir\u00e1 un proceso de reestructuraci\u00f3n y reorganizaci\u00f3n no solamente en Veracruz sino a nivel nacional, y este proceso est\u00e1 dividido en tres etapas.<\/p>\n\n\n\n<p>La primera etapa es una convocatoria a una elecci\u00f3n de Consejeros Estatales o Delegados Distritales, \u201cesta votaci\u00f3n o esta convocatoria culminar\u00eda el 30 de julio con una votaci\u00f3n en las cabeceras distritales de donde tienen que emanar en todo el estado de Veracruz 200 consejeros estatales, 10 por cada Distrito Federal que tenemos\u201d.<\/p>\n\n\n\n<p>Agreg\u00f3: \u201ctenemos 20 distritos en Veracruz, son 200 consejeros estatales y con ello podremos pasar a la segunda etapa, que es la elecci\u00f3n y la votaci\u00f3n de una nueva dirigencia en Veracruz, no solamente presidente del Partido, sino todo el Comit\u00e9 Ejecutivo Estatal completo y eso ser\u00eda el 7 de agosto para el caso de Veracruz, y la tercera etapa de este proceso interno es el 16 y 17 de septiembre, en donde estar\u00edamos eligiendo a una nueva dirigencia nacional\u201d.<\/p>\n\n\n\n<p>Yair Ademar indic\u00f3 que el dirigente nacional Mario Delgado y la secretaria general Citlalli Hern\u00e1ndez mantendr\u00e1n sus posiciones tras una resoluci\u00f3n del Tribunal, donde fueron electos por un periodo de tres a\u00f1os.<\/p>\n\n\n\n<p>El Secretario de Organizaci\u00f3n dijo que Esteban Ram\u00edrez Zepeta hoy es delegado en funciones de Presidente y competir\u00e1, como \u201cya lo ha dicho y estuvo aqu\u00ed mismo platicando con ustedes, \u00e9l lo anunci\u00f3, \u00e9l va a competir por la dirigencia del partido\u201d.<\/p>\n\n\n\n<p>Coment\u00f3 que la pol\u00edtica es de tino, tacto, tiempo y trabajo por ello decidi\u00f3 de forma personal no participar ni competir por la dirigencia de Morena en Veracruz.<\/p>\n","protected":false},"excerpt":{"rendered":"<p>Juan Arcos Xalapa, Ver.- El Secretario de Organizaci\u00f3n del Comit\u00e9 Estatal del Movimiento de Regeneraci\u00f3n Nacional (Morena), Yair Ademar Dom\u00ednguez V\u00e1zquez, declar\u00f3 que no competir\u00e1 por la dirigencia estatal en el proceso para su renovaci\u00f3n. El morenista dijo que tom\u00f3 la decisi\u00f3n personal de no participar, con el objetivo de mantener la unidad al interior [&hellip;]<\/p>\n","protected":false},"author":1,"featured_media":29420,"comment_status":"open","ping_status":"open","sticky":false,"template":"","format":"standard","meta":{"_jetpack_memberships_contains_paid_content":false,"footnotes":""},"categories":[2],"tags":[],"class_list":["post-29419","post","type-post","status-publish","format-standard","has-post-thumbnail","hentry","category-estado"],"jetpack_featured_media_url":"https:\/\/encuentroinformativo.com.mx\/wp-content\/uploads\/2022\/07\/E75E567B-BE4B-467C-86C0-7D8C89D1A654.jpeg","jetpack_sharing_enabled":true,"jetpack_likes_enabled":true,"amp_enabled":true,"_links":{"self":[{"href":"https:\/\/encuentroinformativo.com.mx\/index.php?rest_route=\/wp\/v2\/posts\/29419","targetHints":{"allow":["GET"]}}],"collection":[{"href":"https:\/\/encuentroinformativo.com.mx\/index.php?rest_route=\/wp\/v2\/posts"}],"about":[{"href":"https:\/\/encuentroinformativo.com.mx\/index.php?rest_route=\/wp\/v2\/types\/post"}],"author":[{"embeddable":true,"href":"https:\/\/encuentroinformativo.com.mx\/index.php?rest_route=\/wp\/v2\/users\/1"}],"replies":[{"embeddable":true,"href":"https:\/\/encuentroinformativo.com.mx\/index.php?rest_route=%2Fwp%2Fv2%2Fcomments&post=29419"}],"version-history":[{"count":1,"href":"https:\/\/encuentroinformativo.com.mx\/index.php?rest_route=\/wp\/v2\/posts\/29419\/revisions"}],"predecessor-version":[{"id":29421,"href":"https:\/\/encuentroinformativo.com.mx\/index.php?rest_route=\/wp\/v2\/posts\/29419\/revisions\/29421"}],"wp:featuredmedia":[{"embeddable":true,"href":"https:\/\/encuentroinformativo.com.mx\/index.php?rest_route=\/wp\/v2\/media\/29420"}],"wp:attachment":[{"href":"https:\/\/encuentroinformativo.com.mx\/index.php?rest_route=%2Fwp%2Fv2%2Fmedia&parent=29419"}],"wp:term":[{"taxonomy":"category","embeddable":true,"href":"https:\/\/encuentroinformativo.com.mx\/index.php?rest_route=%2Fwp%2Fv2%2Fcategories&post=29419"},{"taxonomy":"post_tag","embeddable":true,"href":"https:\/\/encuentroinformativo.com.mx\/index.php?rest_route=%2Fwp%2Fv2%2Ftags&post=29419"}],"curies":[{"name":"wp","href":"https:\/\/api.w.org\/{rel}","templated":true}]}}