{"id":29425,"date":"2022-07-15T09:03:44","date_gmt":"2022-07-15T14:03:44","guid":{"rendered":"https:\/\/encuentroinformativo.com.mx\/?p=29425"},"modified":"2022-07-15T09:03:46","modified_gmt":"2022-07-15T14:03:46","slug":"los-chavos-segun-las-corcholatas","status":"publish","type":"post","link":"https:\/\/encuentroinformativo.com.mx\/?p=29425","title":{"rendered":"Los chavos, seg\u00fan las corcholatas"},"content":{"rendered":"\n<p><strong>Los Pol\u00edticos\u00a0<\/strong><\/p>\n\n\n\n<p><strong>Salvador Mu\u00f1oz<\/strong><\/p>\n\n\n\n<p>\u00bfQu\u00e9 quieren los j\u00f3venes de ahora? A ciencia cierta, no lo s\u00e9\u2026 pero s\u00ed me recuerda algo: acababan de pasar las elecciones de 1988 y quienes curs\u00e1bamos el Proped\u00e9utico en Ciudad Mendoza, escuch\u00e1bamos a la maestra de Sociolog\u00eda (cuyo nombre escapa a mi memoria) despotricar contra el Gobierno, contra las elecciones, contra la ca\u00edda del Sistema de Bartlett\u2026 hab\u00eda compa\u00f1eros que ya hab\u00edamos ejercido el voto\u2026 otros no\u2026 hab\u00eda compa\u00f1eros que estaban involucrados de un modo u otro en la pol\u00edtica; que les gustaba participar en elecciones de planillas estudiantiles; hab\u00eda los otros que s\u00f3lo estaban interesados en los estudios; otros, en el futbol o basquetbol; algunas en el novio y otros en las novias\u2026 la maestra nos ped\u00eda reunirnos al a\u00f1o siguiente, en el 89, como una forma de protesta por esas elecciones fraudulentas, cita a la que no acud\u00ed y desconozco si alguien lo hizo\u2026<\/p>\n\n\n\n<p>La verdad, ya estaba harto de la pol\u00edtica\u2026 Irma Mora Sol\u00eds adem\u00e1s de madre, era una pinche guerrera, una grilla, quiz\u00e1s al grado de alborotadora\u2026 al menos as\u00ed la ve\u00eda cuando sentada, era primera fila en las huelgas en la Papelera Veracruzana o voz en las reuniones sindicales de la CTM al lado de don Pablo Mendiz\u00e1bal Olvera\u2026 \u00a1puf! \u00a1C\u00f3mo me impresionaba ese l\u00edder sindical, de aspecto elegante, bien educado, que siempre ten\u00eda una palabra amable para mi personita que no llegaba ni a los 8 a\u00f1os, pero ya me chutaba las reuniones de los cetemistas\u2026<\/p>\n\n\n\n<p>Agregue que Irma, mi se\u00f1ora Madre, vivi\u00f3 una d\u00e9cada interesante en el movimiento de las mujeres en M\u00e9xico: los 70! Ah\u00ed estuvo presente en la Primera Conferencia Mundial sobre la Mujer, en la Ciudad de M\u00e9xico all\u00e1 por el 75\u2026<\/p>\n\n\n\n<p>Llegar a la secundaria me libr\u00f3 de cierto modo del yugo materno y de sus rollos pol\u00edticos\u2026 de pol\u00edtica no quer\u00eda saber nada\u2026 yo quer\u00eda cantar, jugar fut, irme de pinta, estar con mis gatos, treparme en \u00e1rboles y bardas, andar en bicicleta hasta acabar con dolor de culo, pero de pol\u00edtica \u00a1nada!<\/p>\n\n\n\n<p>Todo esto viene a cuento por las nuevas generaciones y la pol\u00edtica, o m\u00e1s bien, los pol\u00edticos que ven en la juventud, sin lugar a dudas, abono para sus intereses\u2026 insisto, la neta no tengo ni la menor idea de qu\u00e9 es lo que quieren los j\u00f3venes, pero supongo que Marcelo Ebrard s\u00ed\u2026 recientemente, aprovechando una visita a Corea, result\u00f3 que est\u00e1 en el Fandom de este grupo, en el ARMY\u2026 \u00a1hasta ah\u00ed! No me pidan m\u00e1s explicaciones pero entiendo que es un fan\u00e1tico del grupo y que su canci\u00f3n favorita es Dynamite (la que apenas escuch\u00e9 por mera curiosidad\u2026 me quedo con Gangnam Style!)<\/p>\n\n\n\n<p>Entiendo que Marcelo pretende despertar las simpat\u00edas entre los j\u00f3venes y verse como el T\u00edo Cool, buena onda\u2026<\/p>\n\n\n\n<p>No es el \u00fanico caso\u2026 pasamos del K-Pop al Rap! Y ah\u00ed tenemos a Ricardo Monreal haciendo de la rima, habla r\u00edtmica y la jerga apote\u00f3sica el canal para acercarse a los chavos\u2026 s\u00ed, Monreal pasar\u00eda a ser el ruco buena onda, el \u00d1or flota, que entiende a la raza y por eso, el barrio lo respaldar\u00e1\u2026<\/p>\n\n\n\n<p>Aunque quiz\u00e1s el caso m\u00e1s deprimente que puede haber es el de Claudia Sheinbaum\u2026 de Jefa de Gobierno \u00a1a Estandopera! Quiz\u00e1s tendr\u00eda m\u00e1s \u00e9xito si imitara a Alex Lora\u2026<\/p>\n\n\n\n<p>\u00bfDe verdad piensan as\u00ed estas corcholatas atraer a los j\u00f3venes a las urnas?<\/p>\n\n\n\n<p>Insisto, no s\u00e9 cu\u00e1les sean los intereses de los j\u00f3venes\u2026 quiz\u00e1s la esperanza de poder estudiar en alguna universidad o tecnol\u00f3gico\u2026 la certeza de que al egresar, tener un buen empleo\u2026 divertirse con la seguridad de poder regresar a casa\u2026 no lo s\u00e9\u2026 pero limitarlos a grupos de pop, raperos o chistes, es hacer un juicio tan simple como decirse admirador de BTS, rapear o hacerla de Franco Escamilla regi\u00f3n 4T.<\/p>\n\n\n\n<p><a href=\"mailto:smcainito@gmail.com\" target=\"_blank\" rel=\"noreferrer noopener\">smcainito@gmail.com<\/a><\/p>\n","protected":false},"excerpt":{"rendered":"<p>Los Pol\u00edticos\u00a0 Salvador Mu\u00f1oz \u00bfQu\u00e9 quieren los j\u00f3venes de ahora? A ciencia cierta, no lo s\u00e9\u2026 pero s\u00ed me recuerda algo: acababan de pasar las elecciones de 1988 y quienes curs\u00e1bamos el Proped\u00e9utico en Ciudad Mendoza, escuch\u00e1bamos a la maestra de Sociolog\u00eda (cuyo nombre escapa a mi memoria) despotricar contra el Gobierno, contra las elecciones, [&hellip;]<\/p>\n","protected":false},"author":1,"featured_media":387,"comment_status":"open","ping_status":"open","sticky":false,"template":"","format":"standard","meta":{"_jetpack_memberships_contains_paid_content":false,"footnotes":""},"categories":[11],"tags":[],"class_list":["post-29425","post","type-post","status-publish","format-standard","has-post-thumbnail","hentry","category-opinion"],"jetpack_featured_media_url":"https:\/\/encuentroinformativo.com.mx\/wp-content\/uploads\/2020\/03\/7CF8A22B-2764-47BE-8F7F-38FE9E5D6A2F.jpeg","jetpack_sharing_enabled":true,"jetpack_likes_enabled":true,"amp_enabled":true,"_links":{"self":[{"href":"https:\/\/encuentroinformativo.com.mx\/index.php?rest_route=\/wp\/v2\/posts\/29425","targetHints":{"allow":["GET"]}}],"collection":[{"href":"https:\/\/encuentroinformativo.com.mx\/index.php?rest_route=\/wp\/v2\/posts"}],"about":[{"href":"https:\/\/encuentroinformativo.com.mx\/index.php?rest_route=\/wp\/v2\/types\/post"}],"author":[{"embeddable":true,"href":"https:\/\/encuentroinformativo.com.mx\/index.php?rest_route=\/wp\/v2\/users\/1"}],"replies":[{"embeddable":true,"href":"https:\/\/encuentroinformativo.com.mx\/index.php?rest_route=%2Fwp%2Fv2%2Fcomments&post=29425"}],"version-history":[{"count":1,"href":"https:\/\/encuentroinformativo.com.mx\/index.php?rest_route=\/wp\/v2\/posts\/29425\/revisions"}],"predecessor-version":[{"id":29426,"href":"https:\/\/encuentroinformativo.com.mx\/index.php?rest_route=\/wp\/v2\/posts\/29425\/revisions\/29426"}],"wp:featuredmedia":[{"embeddable":true,"href":"https:\/\/encuentroinformativo.com.mx\/index.php?rest_route=\/wp\/v2\/media\/387"}],"wp:attachment":[{"href":"https:\/\/encuentroinformativo.com.mx\/index.php?rest_route=%2Fwp%2Fv2%2Fmedia&parent=29425"}],"wp:term":[{"taxonomy":"category","embeddable":true,"href":"https:\/\/encuentroinformativo.com.mx\/index.php?rest_route=%2Fwp%2Fv2%2Fcategories&post=29425"},{"taxonomy":"post_tag","embeddable":true,"href":"https:\/\/encuentroinformativo.com.mx\/index.php?rest_route=%2Fwp%2Fv2%2Ftags&post=29425"}],"curies":[{"name":"wp","href":"https:\/\/api.w.org\/{rel}","templated":true}]}}