{"id":29443,"date":"2022-07-15T13:48:58","date_gmt":"2022-07-15T18:48:58","guid":{"rendered":"https:\/\/encuentroinformativo.com.mx\/?p=29443"},"modified":"2022-07-15T13:49:01","modified_gmt":"2022-07-15T18:49:01","slug":"cambios-en-region-naval-de-veracruz-no-afectara-en-operativos-de-seguridad","status":"publish","type":"post","link":"https:\/\/encuentroinformativo.com.mx\/?p=29443","title":{"rendered":"Cambios en Regi\u00f3n Naval de Veracruz no afectar\u00e1 en operativos de seguridad"},"content":{"rendered":"\n<p><strong>Alejandro \u00c1vila<\/strong><\/p>\n\n\n\n<p>Veracruz, Ver.- Los cambios anunciados por la Secretar\u00eda de Marina, qui\u00e9n determin\u00f3 qu\u00e9 Veracruz vuelva a ser Tercera Regi\u00f3n Naval, no afectar\u00e1n en ninguno de los operativos de seguridad que se tiene en la zona conurbada Veracruz &#8211; Boca del R\u00edo, asegur\u00f3 la alcaldesa, Patricia Lobeira Rodr\u00edguez.<\/p>\n\n\n\n<p>Cabe mencionar que, apenas este jueves por la noche, la SEMAR anunci\u00f3 en comunicado qu\u00e9, la ciudad de Veracruz dejaba de ser Primera Regi\u00f3n Naval, y est\u00e1 se mudar\u00eda a la ciudad de Tamaulipas, por lo que Veracruz volver\u00eda hacer Tercera Regi\u00f3n Naval.<\/p>\n\n\n\n<p>&#8220;A nosotros nos acaban de informar de manera institucional el cambio, vamos a seguir coordinandonos con la Marina de manera institucional como lo hemos hecho hasta ahora, y con todas las fuerzas del orden, no nada m\u00e1s la Marina, sino con todas las fuerzas del orden, tanto Federal, Estatal y Municipal, para seguir manteniendo la seguridad en Veracruz y en la zona conurbada (\u2026) no, no representa ning\u00fan cambio, vamos a seguir como lo hemos llevado y vamos a seguir coordinados&#8221;, apunt\u00f3.<\/p>\n\n\n\n<p>Patricia Lobeira dijo desconocer si habr\u00e1 alg\u00fan cambio en el n\u00famero de elementos que refuerzan la seguridad en la zona conurbada Veracruz &#8211; Boca del R\u00edo a trav\u00e9s de la Polic\u00eda Naval, aunque se\u00f1al\u00f3, aparentemente, no habr\u00e1 ninguna variaci\u00f3n.<\/p>\n\n\n\n<p>El Acuerdo Secretarial 387\/2022, y qu\u00e9 fue publicado en el DOF de este 15 de julio, establece que la ciudad de Veracruz ser\u00e1 sede de la Tercera Regi\u00f3n Naval, misma que agrupara a la Quinta Regi\u00f3n Naval con sede en Tuxpan, y a la S\u00e9ptima Regi\u00f3n Naval con sede en Coatzacoalcos.<\/p>\n","protected":false},"excerpt":{"rendered":"<p>Alejandro \u00c1vila Veracruz, Ver.- Los cambios anunciados por la Secretar\u00eda de Marina, qui\u00e9n determin\u00f3 qu\u00e9 Veracruz vuelva a ser Tercera Regi\u00f3n Naval, no afectar\u00e1n en ninguno de los operativos de seguridad que se tiene en la zona conurbada Veracruz &#8211; Boca del R\u00edo, asegur\u00f3 la alcaldesa, Patricia Lobeira Rodr\u00edguez. Cabe mencionar que, apenas este jueves [&hellip;]<\/p>\n","protected":false},"author":1,"featured_media":29444,"comment_status":"open","ping_status":"open","sticky":false,"template":"","format":"standard","meta":{"_jetpack_memberships_contains_paid_content":false,"footnotes":""},"categories":[2],"tags":[],"class_list":["post-29443","post","type-post","status-publish","format-standard","has-post-thumbnail","hentry","category-estado"],"jetpack_featured_media_url":"https:\/\/encuentroinformativo.com.mx\/wp-content\/uploads\/2022\/07\/DF1F5D95-643F-4CDB-9264-15864439D2A9.jpeg","jetpack_sharing_enabled":true,"jetpack_likes_enabled":true,"amp_enabled":true,"_links":{"self":[{"href":"https:\/\/encuentroinformativo.com.mx\/index.php?rest_route=\/wp\/v2\/posts\/29443","targetHints":{"allow":["GET"]}}],"collection":[{"href":"https:\/\/encuentroinformativo.com.mx\/index.php?rest_route=\/wp\/v2\/posts"}],"about":[{"href":"https:\/\/encuentroinformativo.com.mx\/index.php?rest_route=\/wp\/v2\/types\/post"}],"author":[{"embeddable":true,"href":"https:\/\/encuentroinformativo.com.mx\/index.php?rest_route=\/wp\/v2\/users\/1"}],"replies":[{"embeddable":true,"href":"https:\/\/encuentroinformativo.com.mx\/index.php?rest_route=%2Fwp%2Fv2%2Fcomments&post=29443"}],"version-history":[{"count":1,"href":"https:\/\/encuentroinformativo.com.mx\/index.php?rest_route=\/wp\/v2\/posts\/29443\/revisions"}],"predecessor-version":[{"id":29445,"href":"https:\/\/encuentroinformativo.com.mx\/index.php?rest_route=\/wp\/v2\/posts\/29443\/revisions\/29445"}],"wp:featuredmedia":[{"embeddable":true,"href":"https:\/\/encuentroinformativo.com.mx\/index.php?rest_route=\/wp\/v2\/media\/29444"}],"wp:attachment":[{"href":"https:\/\/encuentroinformativo.com.mx\/index.php?rest_route=%2Fwp%2Fv2%2Fmedia&parent=29443"}],"wp:term":[{"taxonomy":"category","embeddable":true,"href":"https:\/\/encuentroinformativo.com.mx\/index.php?rest_route=%2Fwp%2Fv2%2Fcategories&post=29443"},{"taxonomy":"post_tag","embeddable":true,"href":"https:\/\/encuentroinformativo.com.mx\/index.php?rest_route=%2Fwp%2Fv2%2Ftags&post=29443"}],"curies":[{"name":"wp","href":"https:\/\/api.w.org\/{rel}","templated":true}]}}