{"id":29452,"date":"2022-07-15T15:32:10","date_gmt":"2022-07-15T20:32:10","guid":{"rendered":"https:\/\/encuentroinformativo.com.mx\/?p=29452"},"modified":"2022-07-15T15:32:14","modified_gmt":"2022-07-15T20:32:14","slug":"realizan-operativo-por-presunto-aparato-explosivo-en-plaza-comercial","status":"publish","type":"post","link":"https:\/\/encuentroinformativo.com.mx\/?p=29452","title":{"rendered":"Realizan operativo por presunto aparato explosivo en plaza comercial"},"content":{"rendered":"\n<p><strong>Alejandro \u00c1vila<\/strong><\/p>\n\n\n\n<p>Boca del R\u00edo, Ver.- La ma\u00f1ana de este viernes se recibi\u00f3 una llamada al n\u00famero de emergencias 911, por la presencia de un presunto aparato explosivo en una peque\u00f1a plaza comercial del municipio de Boca del R\u00edo.<\/p>\n\n\n\n<p>Al lugar acudieron elementos de la Guardia Nacional y de la divisi\u00f3n antibombas de la Secretar\u00eda de la Defensa Nacional (SEDENA).<\/p>\n\n\n\n<p>Los elementos de seguridad acudieron a la calle Pista entre Montura y Espuela, donde se encuentra la mencionada plaza comercial, ah\u00ed se entrevistaron con los trabajadores ver S\u00faper Carranza, qui\u00e9nes les informaron que recibieron una llamada con amenaza de bomba.<\/p>\n\n\n\n<p>El escuadr\u00f3n antibombas de la SEDENA despleg\u00f3 un operativo acompa\u00f1ado del equipo canino, qui\u00e9n es olfatearon el cuadrante, y afortunadamente minutos despu\u00e9s, se pudo confirmar que no hab\u00eda peligro alguno.<\/p>\n\n\n\n<p>Durante cerca de una hora, los elementos de la Guardia Nacional y SEDENA bloquearon el per\u00edmetro mientras realizaban las labores de investigaci\u00f3n, con la finalidad de evitar un percance mayor, todos los empleados de los diversos comercios fueron evacuados.<\/p>\n","protected":false},"excerpt":{"rendered":"<p>Alejandro \u00c1vila Boca del R\u00edo, Ver.- La ma\u00f1ana de este viernes se recibi\u00f3 una llamada al n\u00famero de emergencias 911, por la presencia de un presunto aparato explosivo en una peque\u00f1a plaza comercial del municipio de Boca del R\u00edo. Al lugar acudieron elementos de la Guardia Nacional y de la divisi\u00f3n antibombas de la Secretar\u00eda [&hellip;]<\/p>\n","protected":false},"author":1,"featured_media":29453,"comment_status":"open","ping_status":"open","sticky":false,"template":"","format":"standard","meta":{"_jetpack_memberships_contains_paid_content":false,"footnotes":""},"categories":[14],"tags":[],"class_list":["post-29452","post","type-post","status-publish","format-standard","has-post-thumbnail","hentry","category-policiaca"],"jetpack_featured_media_url":"https:\/\/encuentroinformativo.com.mx\/wp-content\/uploads\/2022\/07\/77F5BB8C-16D0-427A-A3C5-E51C863CF28C.jpeg","jetpack_sharing_enabled":true,"jetpack_likes_enabled":true,"amp_enabled":true,"_links":{"self":[{"href":"https:\/\/encuentroinformativo.com.mx\/index.php?rest_route=\/wp\/v2\/posts\/29452","targetHints":{"allow":["GET"]}}],"collection":[{"href":"https:\/\/encuentroinformativo.com.mx\/index.php?rest_route=\/wp\/v2\/posts"}],"about":[{"href":"https:\/\/encuentroinformativo.com.mx\/index.php?rest_route=\/wp\/v2\/types\/post"}],"author":[{"embeddable":true,"href":"https:\/\/encuentroinformativo.com.mx\/index.php?rest_route=\/wp\/v2\/users\/1"}],"replies":[{"embeddable":true,"href":"https:\/\/encuentroinformativo.com.mx\/index.php?rest_route=%2Fwp%2Fv2%2Fcomments&post=29452"}],"version-history":[{"count":1,"href":"https:\/\/encuentroinformativo.com.mx\/index.php?rest_route=\/wp\/v2\/posts\/29452\/revisions"}],"predecessor-version":[{"id":29454,"href":"https:\/\/encuentroinformativo.com.mx\/index.php?rest_route=\/wp\/v2\/posts\/29452\/revisions\/29454"}],"wp:featuredmedia":[{"embeddable":true,"href":"https:\/\/encuentroinformativo.com.mx\/index.php?rest_route=\/wp\/v2\/media\/29453"}],"wp:attachment":[{"href":"https:\/\/encuentroinformativo.com.mx\/index.php?rest_route=%2Fwp%2Fv2%2Fmedia&parent=29452"}],"wp:term":[{"taxonomy":"category","embeddable":true,"href":"https:\/\/encuentroinformativo.com.mx\/index.php?rest_route=%2Fwp%2Fv2%2Fcategories&post=29452"},{"taxonomy":"post_tag","embeddable":true,"href":"https:\/\/encuentroinformativo.com.mx\/index.php?rest_route=%2Fwp%2Fv2%2Ftags&post=29452"}],"curies":[{"name":"wp","href":"https:\/\/api.w.org\/{rel}","templated":true}]}}