{"id":29458,"date":"2022-07-15T15:46:56","date_gmt":"2022-07-15T20:46:56","guid":{"rendered":"https:\/\/encuentroinformativo.com.mx\/?p=29458"},"modified":"2022-07-15T15:47:00","modified_gmt":"2022-07-15T20:47:00","slug":"abogados-de-pasiano-n-descartan-solicitar-declaracion-del-gobernador","status":"publish","type":"post","link":"https:\/\/encuentroinformativo.com.mx\/?p=29458","title":{"rendered":"Abogados de Pasiano N, descartan solicitar declaraci\u00f3n del Gobernador"},"content":{"rendered":"\n<p><strong>Dar\u00edo Pale <\/strong><\/p>\n\n\n\n<p>Xalapa, Ver.- El abogado defensor de Pasiano \u201cN\u201d, Arturo Nicol\u00e1s Baltazar dio a conocer que a petici\u00f3n del Fiscal Segundo del Juzgado de Acayucan se dio la intervenci\u00f3n de la polic\u00eda cibern\u00e9tica de la Fiscal\u00eda General del Estado (FGE) que aport\u00f3 como prueba una nota period\u00edstica que llev\u00f3 a la ampliaci\u00f3n \u00a0de la medida cautelar de prisi\u00f3n preventiva, por tres meses, a su representado.<\/p>\n\n\n\n<p>En conferencia de prensa se\u00f1al\u00f3 que por medio de un escrito que entregaron sus abogados en la oficina del gobernador, el alcalde electo de Jes\u00fas Carranza inform\u00f3 a Cuitl\u00e1huac Garc\u00eda Jim\u00e9nez del proceso que llev\u00f3 a que el juez Tirso Hern\u00e1ndez Ayala ampliar\u00e1 su estancia en la prisi\u00f3n de Tuxpan.<\/p>\n\n\n\n<p>Luego de que tom\u00f3 como prueba una nota period\u00edstica en la que Garc\u00eda Jim\u00e9nez pide investigar si los c\u00e1rteles de la droga financiaron campa\u00f1as en el sur de Veracruz.<\/p>\n\n\n\n<p>\u201cEs mi voluntad informar a usted que el d\u00eda 13 de julio en la audiencia ordenada por un juez federal, para dar cumplimiento a la declaratoria de invalidez del delito de ultrajes a la autoridad, la Fiscal\u00eda pidi\u00f3 prisi\u00f3n preventiva justificada de tres meses, a partir de ese d\u00eda\u201d, ley\u00f3 en dicho documento.<\/p>\n\n\n\n<p>El abogado dio a conocer que el juez Tirso Hern\u00e1ndez us\u00f3 cuatro datos de prueba, entre ellos los oficios 7527 y 7528, de la polic\u00eda cibern\u00e9tica, en el que se aportaron notas period\u00edsticas en las que se plantea la hip\u00f3tesis del gobernador, que c\u00e1rteles de la droga podr\u00edan haber financiado campa\u00f1as.<\/p>\n\n\n\n<p>Cristina Alejandro S\u00e1nchez Reyes, fiscal segundo del juzgado de Acayucan solicit\u00f3 por escrito al departamento de An\u00e1lisis de Delitos Cibern\u00e9ticos de la Unidad de An\u00e1lisis de la Fiscal\u00eda, un informe detallado sobre los grupos delincuenciales operan en el sur, concretamente en Jes\u00fas Carranza y, pidieron establecer el v\u00ednculo con Rueda Canseco.<\/p>\n\n\n\n<p>Paul Jos\u00e9 Rodr\u00edguez, Jefe de departamento de An\u00e1lisis de Delitos Cibern\u00e9ticos de la Unidad de An\u00e1lisis de la Fiscal\u00eda General, entreg\u00f3 notas period\u00edsticas sobre la operaci\u00f3n de c\u00e1rteles, pero no se vinculan al alcalde electo.<\/p>\n\n\n\n<p>Sin embargo, el juez de control destac\u00f3 que en el \u00fanico caso que se destacaba la relaci\u00f3n, fue en una nota de plumas libres en las que el gobernador Cuitl\u00e1huac Garc\u00eda vinculaba \u201cal Vani\u201d con el financiamiento de campa\u00f1as en el sur de Veracruz.<\/p>\n\n\n\n<p>Aunque se pidi\u00f3 la denuncia no se present\u00f3 ninguna carpeta de investigaci\u00f3n o informe de la DEA que relaci\u00f3n con grupos de delincuencia o el pol\u00edtico del PT.<\/p>\n\n\n\n<p>Finalmente Nicol\u00e1s Baltazar aclar\u00f3 que ellos no citar\u00e1n a declarar al gobernador Cuitl\u00e1huac Garc\u00eda, como estar\u00edan obligados, despu\u00e9s de que se tom\u00f3 su declaraci\u00f3n como un indicio de prueba para detener, por tres meses m\u00e1s, al pol\u00edtico de Jes\u00fas Carranza.<\/p>\n","protected":false},"excerpt":{"rendered":"<p>Dar\u00edo Pale Xalapa, Ver.- El abogado defensor de Pasiano \u201cN\u201d, Arturo Nicol\u00e1s Baltazar dio a conocer que a petici\u00f3n del Fiscal Segundo del Juzgado de Acayucan se dio la intervenci\u00f3n de la polic\u00eda cibern\u00e9tica de la Fiscal\u00eda General del Estado (FGE) que aport\u00f3 como prueba una nota period\u00edstica que llev\u00f3 a la ampliaci\u00f3n \u00a0de la [&hellip;]<\/p>\n","protected":false},"author":1,"featured_media":29459,"comment_status":"open","ping_status":"open","sticky":false,"template":"","format":"standard","meta":{"_jetpack_memberships_contains_paid_content":false,"footnotes":""},"categories":[2],"tags":[],"class_list":["post-29458","post","type-post","status-publish","format-standard","has-post-thumbnail","hentry","category-estado"],"jetpack_featured_media_url":"https:\/\/encuentroinformativo.com.mx\/wp-content\/uploads\/2022\/07\/C36331DD-115C-4E77-A0F6-C26171D9E48C.jpeg","jetpack_sharing_enabled":true,"jetpack_likes_enabled":true,"amp_enabled":true,"_links":{"self":[{"href":"https:\/\/encuentroinformativo.com.mx\/index.php?rest_route=\/wp\/v2\/posts\/29458","targetHints":{"allow":["GET"]}}],"collection":[{"href":"https:\/\/encuentroinformativo.com.mx\/index.php?rest_route=\/wp\/v2\/posts"}],"about":[{"href":"https:\/\/encuentroinformativo.com.mx\/index.php?rest_route=\/wp\/v2\/types\/post"}],"author":[{"embeddable":true,"href":"https:\/\/encuentroinformativo.com.mx\/index.php?rest_route=\/wp\/v2\/users\/1"}],"replies":[{"embeddable":true,"href":"https:\/\/encuentroinformativo.com.mx\/index.php?rest_route=%2Fwp%2Fv2%2Fcomments&post=29458"}],"version-history":[{"count":1,"href":"https:\/\/encuentroinformativo.com.mx\/index.php?rest_route=\/wp\/v2\/posts\/29458\/revisions"}],"predecessor-version":[{"id":29460,"href":"https:\/\/encuentroinformativo.com.mx\/index.php?rest_route=\/wp\/v2\/posts\/29458\/revisions\/29460"}],"wp:featuredmedia":[{"embeddable":true,"href":"https:\/\/encuentroinformativo.com.mx\/index.php?rest_route=\/wp\/v2\/media\/29459"}],"wp:attachment":[{"href":"https:\/\/encuentroinformativo.com.mx\/index.php?rest_route=%2Fwp%2Fv2%2Fmedia&parent=29458"}],"wp:term":[{"taxonomy":"category","embeddable":true,"href":"https:\/\/encuentroinformativo.com.mx\/index.php?rest_route=%2Fwp%2Fv2%2Fcategories&post=29458"},{"taxonomy":"post_tag","embeddable":true,"href":"https:\/\/encuentroinformativo.com.mx\/index.php?rest_route=%2Fwp%2Fv2%2Ftags&post=29458"}],"curies":[{"name":"wp","href":"https:\/\/api.w.org\/{rel}","templated":true}]}}