{"id":29464,"date":"2022-07-15T16:03:30","date_gmt":"2022-07-15T21:03:30","guid":{"rendered":"https:\/\/encuentroinformativo.com.mx\/?p=29464"},"modified":"2022-07-15T16:03:33","modified_gmt":"2022-07-15T21:03:33","slug":"boca-del-rio-multa-a-conductores-que-excedan-velocidad-en-bulevar","status":"publish","type":"post","link":"https:\/\/encuentroinformativo.com.mx\/?p=29464","title":{"rendered":"Boca del R\u00edo multa a conductores que excedan velocidad en bulevar"},"content":{"rendered":"\n<p><strong>Alejandro \u00c1vila<\/strong><\/p>\n\n\n\n<p>Boca del R\u00edo, Ver.- El alcalde, Juan Manuel Unanue Abascal confirm\u00f3 que, la direcci\u00f3n de Tr\u00e1nsito ya ha multado a diversos automovilistas por exceso de velocidad en el bulevar &#8220;Miguel Alem\u00e1n&#8221;.<\/p>\n\n\n\n<p>Cabe recordar que durante el primer semestre del 2022 en dicha arteria vial se han registrado varios accidentes fatales, d\u00f3nde han perdido la vida algunos ciudadanos.<\/p>\n\n\n\n<p>&#8220;Miguel Alem\u00e1n incluye, por supuesto, reductores de velocidad, que son sumamente importantes, porque pues es la Avenida que nos ha generado mayor n\u00famero de accidentes, por ello tambi\u00e9n estamos actuando y apoy\u00e1ndonos con el operativo de la direcci\u00f3n de Tr\u00e1nsito&#8221;, apunt\u00f3.<\/p>\n\n\n\n<p>Sin detallar el n\u00famero espec\u00edfico de multas que se han entregado al momento, destac\u00f3 que, desde que se inici\u00f3 el operativo, hace algunas semanas, los conductores han respetado el l\u00edmite de velocidad en el bulevar &#8220;Miguel Alem\u00e1n&#8221;.<\/p>\n\n\n\n<p>&#8220;Ha servido, un servidor lo ha visto, y obviamente cu\u00e1ndo se sanciona administrativamente a un ciudadano por cometer una infracci\u00f3n, pues ya lo valora y no va a ir a exceso de velocidad&#8221;, agreg\u00f3.<\/p>\n","protected":false},"excerpt":{"rendered":"<p>Alejandro \u00c1vila Boca del R\u00edo, Ver.- El alcalde, Juan Manuel Unanue Abascal confirm\u00f3 que, la direcci\u00f3n de Tr\u00e1nsito ya ha multado a diversos automovilistas por exceso de velocidad en el bulevar &#8220;Miguel Alem\u00e1n&#8221;. Cabe recordar que durante el primer semestre del 2022 en dicha arteria vial se han registrado varios accidentes fatales, d\u00f3nde han perdido [&hellip;]<\/p>\n","protected":false},"author":1,"featured_media":29465,"comment_status":"open","ping_status":"open","sticky":false,"template":"","format":"standard","meta":{"_jetpack_memberships_contains_paid_content":false,"footnotes":""},"categories":[2],"tags":[],"class_list":["post-29464","post","type-post","status-publish","format-standard","has-post-thumbnail","hentry","category-estado"],"jetpack_featured_media_url":"https:\/\/encuentroinformativo.com.mx\/wp-content\/uploads\/2022\/07\/0575BEC4-549F-4865-B91A-0C200F1C9465.jpeg","jetpack_sharing_enabled":true,"jetpack_likes_enabled":true,"amp_enabled":true,"_links":{"self":[{"href":"https:\/\/encuentroinformativo.com.mx\/index.php?rest_route=\/wp\/v2\/posts\/29464","targetHints":{"allow":["GET"]}}],"collection":[{"href":"https:\/\/encuentroinformativo.com.mx\/index.php?rest_route=\/wp\/v2\/posts"}],"about":[{"href":"https:\/\/encuentroinformativo.com.mx\/index.php?rest_route=\/wp\/v2\/types\/post"}],"author":[{"embeddable":true,"href":"https:\/\/encuentroinformativo.com.mx\/index.php?rest_route=\/wp\/v2\/users\/1"}],"replies":[{"embeddable":true,"href":"https:\/\/encuentroinformativo.com.mx\/index.php?rest_route=%2Fwp%2Fv2%2Fcomments&post=29464"}],"version-history":[{"count":1,"href":"https:\/\/encuentroinformativo.com.mx\/index.php?rest_route=\/wp\/v2\/posts\/29464\/revisions"}],"predecessor-version":[{"id":29466,"href":"https:\/\/encuentroinformativo.com.mx\/index.php?rest_route=\/wp\/v2\/posts\/29464\/revisions\/29466"}],"wp:featuredmedia":[{"embeddable":true,"href":"https:\/\/encuentroinformativo.com.mx\/index.php?rest_route=\/wp\/v2\/media\/29465"}],"wp:attachment":[{"href":"https:\/\/encuentroinformativo.com.mx\/index.php?rest_route=%2Fwp%2Fv2%2Fmedia&parent=29464"}],"wp:term":[{"taxonomy":"category","embeddable":true,"href":"https:\/\/encuentroinformativo.com.mx\/index.php?rest_route=%2Fwp%2Fv2%2Fcategories&post=29464"},{"taxonomy":"post_tag","embeddable":true,"href":"https:\/\/encuentroinformativo.com.mx\/index.php?rest_route=%2Fwp%2Fv2%2Ftags&post=29464"}],"curies":[{"name":"wp","href":"https:\/\/api.w.org\/{rel}","templated":true}]}}