{"id":2947,"date":"2020-05-31T14:05:28","date_gmt":"2020-05-31T19:05:28","guid":{"rendered":"https:\/\/encuentroinformativo.com\/?p=2947"},"modified":"2020-05-31T14:05:31","modified_gmt":"2020-05-31T19:05:31","slug":"poza-rica-y-veracruz-focos-rojos-para-taxistas","status":"publish","type":"post","link":"https:\/\/encuentroinformativo.com.mx\/?p=2947","title":{"rendered":"Poza Rica y Veracruz, focos rojos para taxistas"},"content":{"rendered":"\n<p><strong>Juan Arcos <\/strong><\/p>\n\n\n\n<p>Xalapa, Ver.- Los municipios de Veracruz, Poza Rica y Coatzintla son considerados focos rojos por la inseguridad que ha padecido el gremio taxista.<\/p>\n\n\n\n<p>As\u00ed lo dio a conocer Apolinar D\u00edaz Luna, coordinador del Consejo de Transportistas del Estado de Veracruz, quien a\u00f1adi\u00f3 que el mayor n\u00famero de robos y asaltos contra los conductores se registra en la zona norte de la entidad.<\/p>\n\n\n\n<p>El entrevistado detall\u00f3 que en Xalapa tambi\u00e9n se han registrado casos, pero son \u201cmuy aislados\u201d.<\/p>\n\n\n\n<p>\u201cRealmente en la zona norte s\u00ed es donde esa situaci\u00f3n se est\u00e1 complicando cada vez m\u00e1s\u201d.<\/p>\n\n\n\n<p>Indic\u00f3 que se trata de bandas delictivas dedicadas al robo de veh\u00edculos para la comercializaci\u00f3n de autopartes en el mercado negro.<\/p>\n\n\n\n<p>\u201cS\u00ed se est\u00e1 dando esa situaci\u00f3n m\u00e1s frecuentemente en la zona norte del estado\u201d.<br>D\u00edaz Luna record\u00f3 que algunos taxistas han sido asesinados por resistirse al robo de su unidad.<\/p>\n\n\n\n<p>\u201cEso no debiera de ser, m\u00e1s vale conservar la vida que arriesgarla por un veh\u00edculo, de todos modos los matan y se los llevan\u201d.<\/p>\n\n\n\n<p>El Coordinador del Consejo de Transportistas del Estado de Veracruz exhort\u00f3 a los taxistas a cuidar su vida en caso de sufrir un asalto y, posteriormente, presentar una denuncia en la Fiscal\u00eda General del Estado (FGE).<\/p>\n\n\n\n<p><\/p>\n","protected":false},"excerpt":{"rendered":"<p>Juan Arcos Xalapa, Ver.- Los municipios de Veracruz, Poza Rica y Coatzintla son considerados focos rojos por la inseguridad que ha padecido el gremio taxista. As\u00ed lo dio a conocer Apolinar D\u00edaz Luna, coordinador del Consejo de Transportistas del Estado de Veracruz, quien a\u00f1adi\u00f3 que el mayor n\u00famero de robos y asaltos contra los conductores [&hellip;]<\/p>\n","protected":false},"author":1,"featured_media":1168,"comment_status":"open","ping_status":"open","sticky":false,"template":"","format":"standard","meta":{"_jetpack_memberships_contains_paid_content":false,"footnotes":""},"categories":[2],"tags":[],"class_list":["post-2947","post","type-post","status-publish","format-standard","has-post-thumbnail","hentry","category-estado"],"jetpack_featured_media_url":"https:\/\/encuentroinformativo.com.mx\/wp-content\/uploads\/2020\/03\/023B80BB-3AC4-42E5-BDEC-09A9AFC79CA2.jpeg","jetpack_sharing_enabled":true,"jetpack_likes_enabled":true,"amp_enabled":true,"_links":{"self":[{"href":"https:\/\/encuentroinformativo.com.mx\/index.php?rest_route=\/wp\/v2\/posts\/2947","targetHints":{"allow":["GET"]}}],"collection":[{"href":"https:\/\/encuentroinformativo.com.mx\/index.php?rest_route=\/wp\/v2\/posts"}],"about":[{"href":"https:\/\/encuentroinformativo.com.mx\/index.php?rest_route=\/wp\/v2\/types\/post"}],"author":[{"embeddable":true,"href":"https:\/\/encuentroinformativo.com.mx\/index.php?rest_route=\/wp\/v2\/users\/1"}],"replies":[{"embeddable":true,"href":"https:\/\/encuentroinformativo.com.mx\/index.php?rest_route=%2Fwp%2Fv2%2Fcomments&post=2947"}],"version-history":[{"count":1,"href":"https:\/\/encuentroinformativo.com.mx\/index.php?rest_route=\/wp\/v2\/posts\/2947\/revisions"}],"predecessor-version":[{"id":2948,"href":"https:\/\/encuentroinformativo.com.mx\/index.php?rest_route=\/wp\/v2\/posts\/2947\/revisions\/2948"}],"wp:featuredmedia":[{"embeddable":true,"href":"https:\/\/encuentroinformativo.com.mx\/index.php?rest_route=\/wp\/v2\/media\/1168"}],"wp:attachment":[{"href":"https:\/\/encuentroinformativo.com.mx\/index.php?rest_route=%2Fwp%2Fv2%2Fmedia&parent=2947"}],"wp:term":[{"taxonomy":"category","embeddable":true,"href":"https:\/\/encuentroinformativo.com.mx\/index.php?rest_route=%2Fwp%2Fv2%2Fcategories&post=2947"},{"taxonomy":"post_tag","embeddable":true,"href":"https:\/\/encuentroinformativo.com.mx\/index.php?rest_route=%2Fwp%2Fv2%2Ftags&post=2947"}],"curies":[{"name":"wp","href":"https:\/\/api.w.org\/{rel}","templated":true}]}}