{"id":29471,"date":"2022-07-16T11:46:52","date_gmt":"2022-07-16T16:46:52","guid":{"rendered":"https:\/\/encuentroinformativo.com.mx\/?p=29471"},"modified":"2022-07-16T11:46:56","modified_gmt":"2022-07-16T16:46:56","slug":"caro-la-ofrenda","status":"publish","type":"post","link":"https:\/\/encuentroinformativo.com.mx\/?p=29471","title":{"rendered":"Caro, la Ofrenda"},"content":{"rendered":"\n<p id=\"m_-6372558325140572660gmail-m_-5274487922269053651docs-internal-guid-774cbc79-7fff-a4ec-1bb7-71403f12a434\"><strong>N\u00fameros Rojos<\/strong><\/p>\n\n\n\n<p><strong>Brenda Caballero<\/strong><\/p>\n\n\n\n<p>\u201cEn pol\u00edtica no hay coincidencias\u2026 en el Narco, tampoco\u201d<\/p>\n\n\n\n<p>La primera vez que escuch\u00e9 hablar de Caro Quintero, era una ni\u00f1a. Mi familia estaba reunida frente al televisor viendo el noticiero nocturno. Lo espectacular era la detenci\u00f3n en ese entonces del llamado&nbsp; \u201cCapo de capos\u201d quien con apenas 29 a\u00f1os de edad encabezaba ya el C\u00e1rtel de Guadalajara y junto con Ernesto Fonseca, alias \u201cDon Neto\u201d y F\u00e9lix Gallardo, controlaban todo el negocio de la droga en M\u00e9xico.<\/p>\n\n\n\n<p>En ese entonces la nota policiaca se mezcl\u00f3 con la nota rosa y hasta tintes rom\u00e1nticos le dieron a la detenci\u00f3n espectacular. \u201cFue por Sara Coss\u00edo Gaona, el capo estaba tan enamorado de ella, que hasta se descuid\u00f3\u201d.<\/p>\n\n\n\n<p>Efectivamente, las autoridades se enfocaron en Sara de apenas 17 a\u00f1os, quien llam\u00f3 a su familia pol\u00edticamente poderosa en Guadalajara para decir que no estaba secuestrada, sino enamorada y que se hab\u00eda ido con Quintero por su propia voluntad. Esto, ante los rumores de que el capo la hab\u00eda secuestrado.<\/p>\n\n\n\n<p>37 a\u00f1os despu\u00e9s el Capo vuelve a ser Noticia. Es detenido en el municipio de San Sim\u00f3n (Choix) Sinaloa por Max, un elemento canino de la Secretar\u00eda de Marina. Max lo encontr\u00f3 entre matorrales. As\u00ed lo narra el comunicado de prensa de la Marina n\u00famero 082\/2022.<\/p>\n\n\n\n<p>En el mismo cita que el operativo fue realizado en Coordinaci\u00f3n con la Fiscal\u00eda General de la Rep\u00fablica y que han realizado trabajos coordinados desde 2013 en que el capo fue liberado.<\/p>\n\n\n\n<p>Tambi\u00e9n especifica que Caro Quintero tiene dos \u00f3rdenes de aprehensi\u00f3n en su contra, as\u00ed como una orden de extradici\u00f3n directa a los Estados Unidos. Recordemos que Caro Quintero era buscado por la DEA y por el que la recompensa era mayor.<\/p>\n\n\n\n<p>Aunque en&nbsp; medios y en redes ha ido circulando poco a poco informaci\u00f3n de su detenci\u00f3n y hasta videos, surgen muchas preguntas que seguramente nunca tendr\u00e1n respuesta.<\/p>\n\n\n\n<p>\u00bfQu\u00e9 hacia el capo solo entre matorrales? Pues teniendo su cabeza uno de los precios m\u00e1s altos, a\u00fan sobre el Mayo y El Mencho \u00bfno hab\u00eda nadie que lo cuidara?<\/p>\n\n\n\n<p>\u00bfAcaso alguien lo entreg\u00f3? Los rumores apuntan al Mayo, aunque a estas alturas con esa recompensa, que lloren en otra casa, mejor en la de Quintero.<\/p>\n\n\n\n<p>\u00bfAcaso tuvo algo que ver la reuni\u00f3n del Presidente L\u00f3pez Obrador con Joe Biden? Igual puede considerarse una ofrenda de paz y una forma de tranquilizar las aguas, m\u00e1s cuando se dice que ser\u00e1 una extradici\u00f3n directa a los Estados Unidos.<\/p>\n\n\n\n<p>\u00bfPor qu\u00e9 ofreci\u00f3 Estados Unidos una recompensa de 20 millones de d\u00f3lares por un hombre pr\u00f3ximo a cumplir 70 a\u00f1os, en lugar de uno considerado con mayor vida criminal como El Mayo o el Mencho? Los que saben afirman que la DEA no olvida, mucho menos a uno de los suyos como fue Enrique \u201cKiki\u201d Camarena.<\/p>\n\n\n\n<p>\u00bfHay coincidencia con el \u201cdesplome\u201d del helic\u00f3ptero Black Hawk de la Armada de M\u00e9xico que particip\u00f3 en operativos en Los Mochis, Sinaloa, y donde murieron 14 personas y una se encuentra herida? Hasta el momento el mismo comunicado de Marina afirma desconocer las causas del accidente. \u00bfIba Caro Quintero a bordo?<\/p>\n\n\n\n<p>Esta historia a\u00fan no termina, pero seguimos con preguntas \u00bfAcaso Caro Quintero ofreci\u00f3 moche a Max? \u00bfAlguien cobrar\u00e1 los 20 millones de d\u00f3lares?<\/p>\n\n\n\n<p>Muchas preguntas sin respuesta tendremos en esta detenci\u00f3n que sin duda ser\u00e1 un triunfo para el gobierno de L\u00f3pez Obrador despu\u00e9s de su pol\u00edtica de seguridad basada en \u201cAbrazos, No Balazos\u201d al adjudicarse la captura de uno de los 10 hombres m\u00e1s buscados por el FBI en todo el mundo.<\/p>\n\n\n\n<p>Twiter: @NumerosRojos_BC<\/p>\n\n\n\n<p><a href=\"mailto:caballero_brenda@hotmail.com\" target=\"_blank\" rel=\"noreferrer noopener\">caballero_brenda@hotmail.com<\/a><\/p>\n","protected":false},"excerpt":{"rendered":"<p>N\u00fameros Rojos Brenda Caballero \u201cEn pol\u00edtica no hay coincidencias\u2026 en el Narco, tampoco\u201d La primera vez que escuch\u00e9 hablar de Caro Quintero, era una ni\u00f1a. Mi familia estaba reunida frente al televisor viendo el noticiero nocturno. Lo espectacular era la detenci\u00f3n en ese entonces del llamado&nbsp; \u201cCapo de capos\u201d quien con apenas 29 a\u00f1os de [&hellip;]<\/p>\n","protected":false},"author":1,"featured_media":387,"comment_status":"open","ping_status":"open","sticky":false,"template":"","format":"standard","meta":{"_jetpack_memberships_contains_paid_content":false,"footnotes":""},"categories":[11],"tags":[],"class_list":["post-29471","post","type-post","status-publish","format-standard","has-post-thumbnail","hentry","category-opinion"],"jetpack_featured_media_url":"https:\/\/encuentroinformativo.com.mx\/wp-content\/uploads\/2020\/03\/7CF8A22B-2764-47BE-8F7F-38FE9E5D6A2F.jpeg","jetpack_sharing_enabled":true,"jetpack_likes_enabled":true,"amp_enabled":true,"_links":{"self":[{"href":"https:\/\/encuentroinformativo.com.mx\/index.php?rest_route=\/wp\/v2\/posts\/29471","targetHints":{"allow":["GET"]}}],"collection":[{"href":"https:\/\/encuentroinformativo.com.mx\/index.php?rest_route=\/wp\/v2\/posts"}],"about":[{"href":"https:\/\/encuentroinformativo.com.mx\/index.php?rest_route=\/wp\/v2\/types\/post"}],"author":[{"embeddable":true,"href":"https:\/\/encuentroinformativo.com.mx\/index.php?rest_route=\/wp\/v2\/users\/1"}],"replies":[{"embeddable":true,"href":"https:\/\/encuentroinformativo.com.mx\/index.php?rest_route=%2Fwp%2Fv2%2Fcomments&post=29471"}],"version-history":[{"count":1,"href":"https:\/\/encuentroinformativo.com.mx\/index.php?rest_route=\/wp\/v2\/posts\/29471\/revisions"}],"predecessor-version":[{"id":29472,"href":"https:\/\/encuentroinformativo.com.mx\/index.php?rest_route=\/wp\/v2\/posts\/29471\/revisions\/29472"}],"wp:featuredmedia":[{"embeddable":true,"href":"https:\/\/encuentroinformativo.com.mx\/index.php?rest_route=\/wp\/v2\/media\/387"}],"wp:attachment":[{"href":"https:\/\/encuentroinformativo.com.mx\/index.php?rest_route=%2Fwp%2Fv2%2Fmedia&parent=29471"}],"wp:term":[{"taxonomy":"category","embeddable":true,"href":"https:\/\/encuentroinformativo.com.mx\/index.php?rest_route=%2Fwp%2Fv2%2Fcategories&post=29471"},{"taxonomy":"post_tag","embeddable":true,"href":"https:\/\/encuentroinformativo.com.mx\/index.php?rest_route=%2Fwp%2Fv2%2Ftags&post=29471"}],"curies":[{"name":"wp","href":"https:\/\/api.w.org\/{rel}","templated":true}]}}