{"id":29496,"date":"2022-07-17T17:30:52","date_gmt":"2022-07-17T22:30:52","guid":{"rendered":"https:\/\/encuentroinformativo.com.mx\/?p=29496"},"modified":"2022-07-17T17:30:56","modified_gmt":"2022-07-17T22:30:56","slug":"cabildo-definira-xiquenada-en-fiestas-patronales","status":"publish","type":"post","link":"https:\/\/encuentroinformativo.com.mx\/?p=29496","title":{"rendered":"Cabildo definir\u00e1 xique\u00f1ada en Fiestas Patronales"},"content":{"rendered":"\n<p><strong>Juan Arcos <\/strong><\/p>\n\n\n\n<p>Xalapa, Ver.- El lunes 18 de julio, el Cabildo de Xico definir\u00eda si durante las fiestas patronales en honor a Santa Mar\u00eda Magdalena se realizar\u00eda la capea, una pr\u00e1ctica taurina que ha sido criticada por grupos animalistas.<\/p>\n\n\n\n<p>El presidente municipal Luis Yoval Maldonado indic\u00f3 que se busca el cumplimiento de las leyes para garantizar el bienestar animal durante sus festejos.<\/p>\n\n\n\n<p>\u201cDepende de la organizaci\u00f3n que estamos llevando a cabo para cumplir con la legislaci\u00f3n y principalmente con la protecci\u00f3n\u201d, expres\u00f3.<\/p>\n\n\n\n<p>Tambi\u00e9n se\u00f1al\u00f3 que durante el d\u00eda lunes se realizar\u00edan evaluaciones para determinar si es posible garantizar el cuidado animal durante la capea.<\/p>\n\n\n\n<p>Cabe recordar que durante a\u00f1os los grupos animales han manifestado que los toros sufren maltrato durante la Xique\u00f1ada.<\/p>\n\n\n\n<p>Agreg\u00f3 que la capea consiste en torear a los toros y esta actividad es permitida en la entidad; sin embargo, la Xique\u00f1ada representaba la suelta de toros y en este evento se dieron casos de maltrato.<\/p>\n\n\n\n<p>Este domingo 17 de julio, comenzaron las fiestas patronales en honor a Santa Mar\u00eda Magdalena y concluyen el d\u00eda 24 de julio.<\/p>\n\n\n\n<p>La fecha m\u00e1s importante es el viernes 22 de julio, cuando podr\u00eda realizarse la capea de toros. Esperan el arribo de 100 mil visitantes y una derrama que permita la reactivaci\u00f3n econ\u00f3mica en el pueblo tras las afectaciones derivadas de la pandemia por Sars-Cov2 (Covid-19).<\/p>\n","protected":false},"excerpt":{"rendered":"<p>Juan Arcos Xalapa, Ver.- El lunes 18 de julio, el Cabildo de Xico definir\u00eda si durante las fiestas patronales en honor a Santa Mar\u00eda Magdalena se realizar\u00eda la capea, una pr\u00e1ctica taurina que ha sido criticada por grupos animalistas. El presidente municipal Luis Yoval Maldonado indic\u00f3 que se busca el cumplimiento de las leyes para [&hellip;]<\/p>\n","protected":false},"author":1,"featured_media":29497,"comment_status":"open","ping_status":"open","sticky":false,"template":"","format":"standard","meta":{"_jetpack_memberships_contains_paid_content":false,"footnotes":""},"categories":[8],"tags":[],"class_list":["post-29496","post","type-post","status-publish","format-standard","has-post-thumbnail","hentry","category-region"],"jetpack_featured_media_url":"https:\/\/encuentroinformativo.com.mx\/wp-content\/uploads\/2022\/07\/99F9AFF5-0661-4747-98A6-96C66058FB17.jpeg","jetpack_sharing_enabled":true,"jetpack_likes_enabled":true,"amp_enabled":true,"_links":{"self":[{"href":"https:\/\/encuentroinformativo.com.mx\/index.php?rest_route=\/wp\/v2\/posts\/29496","targetHints":{"allow":["GET"]}}],"collection":[{"href":"https:\/\/encuentroinformativo.com.mx\/index.php?rest_route=\/wp\/v2\/posts"}],"about":[{"href":"https:\/\/encuentroinformativo.com.mx\/index.php?rest_route=\/wp\/v2\/types\/post"}],"author":[{"embeddable":true,"href":"https:\/\/encuentroinformativo.com.mx\/index.php?rest_route=\/wp\/v2\/users\/1"}],"replies":[{"embeddable":true,"href":"https:\/\/encuentroinformativo.com.mx\/index.php?rest_route=%2Fwp%2Fv2%2Fcomments&post=29496"}],"version-history":[{"count":1,"href":"https:\/\/encuentroinformativo.com.mx\/index.php?rest_route=\/wp\/v2\/posts\/29496\/revisions"}],"predecessor-version":[{"id":29498,"href":"https:\/\/encuentroinformativo.com.mx\/index.php?rest_route=\/wp\/v2\/posts\/29496\/revisions\/29498"}],"wp:featuredmedia":[{"embeddable":true,"href":"https:\/\/encuentroinformativo.com.mx\/index.php?rest_route=\/wp\/v2\/media\/29497"}],"wp:attachment":[{"href":"https:\/\/encuentroinformativo.com.mx\/index.php?rest_route=%2Fwp%2Fv2%2Fmedia&parent=29496"}],"wp:term":[{"taxonomy":"category","embeddable":true,"href":"https:\/\/encuentroinformativo.com.mx\/index.php?rest_route=%2Fwp%2Fv2%2Fcategories&post=29496"},{"taxonomy":"post_tag","embeddable":true,"href":"https:\/\/encuentroinformativo.com.mx\/index.php?rest_route=%2Fwp%2Fv2%2Ftags&post=29496"}],"curies":[{"name":"wp","href":"https:\/\/api.w.org\/{rel}","templated":true}]}}