{"id":2950,"date":"2020-05-31T17:41:04","date_gmt":"2020-05-31T22:41:04","guid":{"rendered":"https:\/\/encuentroinformativo.com\/?p=2950"},"modified":"2020-05-31T17:41:06","modified_gmt":"2020-05-31T22:41:06","slug":"aumentan-casos-de-covid-19-en-coatepec","status":"publish","type":"post","link":"https:\/\/encuentroinformativo.com.mx\/?p=2950","title":{"rendered":"Aumentan casos de Covid-19 en Coatepec"},"content":{"rendered":"\n<p><strong>Juan Arcos <\/strong><\/p>\n\n\n\n<p>Coatepec, Ver.- Autoridades sanitarias confirmaron un nuevo caso positivo de COVID-19 en el municipio de Coatepec.<\/p>\n\n\n\n<p>Hasta la ma\u00f1ana de este domingo se contabilizaron siete casos confirmados en el Pueblo M\u00e1gico.<\/p>\n\n\n\n<p>En el \u00faltimo reporte que present\u00f3 el gobierno municipal de citada demarcaci\u00f3n, ubicada a 15 minutos de la capital del estado, Coatepec registr\u00f3 diete casos confirmados, ocho sospechosos \u2013uno m\u00e1s que el viernes- y una defunci\u00f3n.<\/p>\n\n\n\n<p>La Secretar\u00eda de Salud estatal mantiene a la entidad y al municipio cafetalero en etapa tres de contingencia sanitaria, donde el n\u00famero de contagios se multiplica exponencialmente y en los presentes d\u00edas ser\u00e1n determinantes para aplanar la curva de contagios.<\/p>\n\n\n\n<p>A nivel estatal, Veracruz tiene confirmados 3 mil 627 casos, mil 505 sospechosos, 3 mil 252 negativos y 527 defunciones.<\/p>\n\n\n\n<p>Cabe mencionar que el pasado 28 de mayo, el ayuntamiento de Coatepec aprob\u00f3 en sesi\u00f3n de Cabildo como acci\u00f3n inmediata el uso obligatorio de cubrebocas, mascarillas o careta de protecci\u00f3n facil en negocios, calles y espacios p\u00fablicos.<\/p>\n\n\n\n<p>Con fundamento en el art\u00edculo 82 y dem\u00e1s aplicables del Bando de Polic\u00eda y Gobierno del Municipio de Coatepec, se impondr\u00e1n las sanciones correspondientes a quien no cumpla el acuerdo como una amonestaci\u00f3n, multa de dos a cinco mil d\u00edas de salario m\u00ednimo, arresto hasta por 36 horas y trabajo en favor de la comunidad.<\/p>\n\n\n\n<p><\/p>\n","protected":false},"excerpt":{"rendered":"<p>Juan Arcos Coatepec, Ver.- Autoridades sanitarias confirmaron un nuevo caso positivo de COVID-19 en el municipio de Coatepec. Hasta la ma\u00f1ana de este domingo se contabilizaron siete casos confirmados en el Pueblo M\u00e1gico. En el \u00faltimo reporte que present\u00f3 el gobierno municipal de citada demarcaci\u00f3n, ubicada a 15 minutos de la capital del estado, Coatepec [&hellip;]<\/p>\n","protected":false},"author":1,"featured_media":2951,"comment_status":"open","ping_status":"open","sticky":false,"template":"","format":"standard","meta":{"_jetpack_memberships_contains_paid_content":false,"footnotes":""},"categories":[9],"tags":[],"class_list":["post-2950","post","type-post","status-publish","format-standard","has-post-thumbnail","hentry","category-salud"],"jetpack_featured_media_url":"https:\/\/encuentroinformativo.com.mx\/wp-content\/uploads\/2020\/05\/14D6FE2E-A950-48E0-AD8E-D46BB1FD335B.jpeg","jetpack_sharing_enabled":true,"jetpack_likes_enabled":true,"amp_enabled":true,"_links":{"self":[{"href":"https:\/\/encuentroinformativo.com.mx\/index.php?rest_route=\/wp\/v2\/posts\/2950","targetHints":{"allow":["GET"]}}],"collection":[{"href":"https:\/\/encuentroinformativo.com.mx\/index.php?rest_route=\/wp\/v2\/posts"}],"about":[{"href":"https:\/\/encuentroinformativo.com.mx\/index.php?rest_route=\/wp\/v2\/types\/post"}],"author":[{"embeddable":true,"href":"https:\/\/encuentroinformativo.com.mx\/index.php?rest_route=\/wp\/v2\/users\/1"}],"replies":[{"embeddable":true,"href":"https:\/\/encuentroinformativo.com.mx\/index.php?rest_route=%2Fwp%2Fv2%2Fcomments&post=2950"}],"version-history":[{"count":1,"href":"https:\/\/encuentroinformativo.com.mx\/index.php?rest_route=\/wp\/v2\/posts\/2950\/revisions"}],"predecessor-version":[{"id":2952,"href":"https:\/\/encuentroinformativo.com.mx\/index.php?rest_route=\/wp\/v2\/posts\/2950\/revisions\/2952"}],"wp:featuredmedia":[{"embeddable":true,"href":"https:\/\/encuentroinformativo.com.mx\/index.php?rest_route=\/wp\/v2\/media\/2951"}],"wp:attachment":[{"href":"https:\/\/encuentroinformativo.com.mx\/index.php?rest_route=%2Fwp%2Fv2%2Fmedia&parent=2950"}],"wp:term":[{"taxonomy":"category","embeddable":true,"href":"https:\/\/encuentroinformativo.com.mx\/index.php?rest_route=%2Fwp%2Fv2%2Fcategories&post=2950"},{"taxonomy":"post_tag","embeddable":true,"href":"https:\/\/encuentroinformativo.com.mx\/index.php?rest_route=%2Fwp%2Fv2%2Ftags&post=2950"}],"curies":[{"name":"wp","href":"https:\/\/api.w.org\/{rel}","templated":true}]}}