{"id":29510,"date":"2022-07-18T12:34:47","date_gmt":"2022-07-18T17:34:47","guid":{"rendered":"https:\/\/encuentroinformativo.com.mx\/?p=29510"},"modified":"2022-07-18T12:34:51","modified_gmt":"2022-07-18T17:34:51","slug":"sindicalizados-protestan-en-oficinas-de-la-sev-piden-pago-de-retroactivos","status":"publish","type":"post","link":"https:\/\/encuentroinformativo.com.mx\/?p=29510","title":{"rendered":"Sindicalizados protestan en oficinas de la SEV; piden pago de retroactivos"},"content":{"rendered":"\n<p><strong>Juan Arcos <\/strong><\/p>\n\n\n\n<p>Xalapa, Ver.- Integrantes de la Secci\u00f3n 32 del Sindicato Nacional de Trabajadores de la Educaci\u00f3n (SNTE) protestaron afuera de las oficinas centrales de la Secretar\u00eda de Educaci\u00f3n de Veracruz (SEV) para el pago del retroactivo y salarios devengados a los profesores promovidos.<\/p>\n\n\n\n<p>Los quejosos indicaron que las autoridades de esta dependencia estatal han incumplido los acuerdos signados con la organizaci\u00f3n sindical.<\/p>\n\n\n\n<p>A los docentes que participaron en el proceso de Promoci\u00f3n Vertical yHorizontal no les pagaron la quincena n\u00famero 15, de los pagos adelantados.<\/p>\n\n\n\n<p>Incluso, la Secretar\u00eda de Educaci\u00f3n de Veracruz les notific\u00f3 que no les ser\u00eda pagada, por tal motivo, los l\u00edderes sindicales decidieron convocar a dicha manifestaci\u00f3n este lunes 18 de julio.<\/p>\n\n\n\n<p>De acuerdo con Ricardo Reyes Cruz, secretario de Negociaci\u00f3n Salarial en la Secci\u00f3n 32 del SNTE, tambi\u00e9n se exige el pago del bono por el D\u00eda del Maestro (15 de mayo) y del D\u00eda de las Madres (10 de mayo), mismos que fueron suspendidos.<\/p>\n\n\n\n<p>\u201cSe les cort\u00f3 de tajo ese beneficio porque ya ten\u00edan una nueva clave. Se les cort\u00f3 a los compa\u00f1eros supervisores que ascendieron a jefaturas de sector el bono de supervisores. No es posible, se ha venido negociando pero est\u00e1 dependencia no ha tenido la sensibilidad\u201d, expres\u00f3.<\/p>\n\n\n\n<p>Los docentes adem\u00e1s reclamaron el pago del retroactivo del incremento salarial correspondiente a este a\u00f1o, como qued\u00f3 establecido en una minuta firmada con autoridades educativas.<\/p>\n\n\n\n<p>En ese sentido, amagaron con tomar las oficinas centrales de la SEV y las subdelegaciones que se encuentran en las distintas regiones del estado.<\/p>\n","protected":false},"excerpt":{"rendered":"<p>Juan Arcos Xalapa, Ver.- Integrantes de la Secci\u00f3n 32 del Sindicato Nacional de Trabajadores de la Educaci\u00f3n (SNTE) protestaron afuera de las oficinas centrales de la Secretar\u00eda de Educaci\u00f3n de Veracruz (SEV) para el pago del retroactivo y salarios devengados a los profesores promovidos. Los quejosos indicaron que las autoridades de esta dependencia estatal han [&hellip;]<\/p>\n","protected":false},"author":1,"featured_media":29511,"comment_status":"open","ping_status":"open","sticky":false,"template":"","format":"standard","meta":{"_jetpack_memberships_contains_paid_content":false,"footnotes":""},"categories":[3],"tags":[],"class_list":["post-29510","post","type-post","status-publish","format-standard","has-post-thumbnail","hentry","category-xalapa"],"jetpack_featured_media_url":"https:\/\/encuentroinformativo.com.mx\/wp-content\/uploads\/2022\/07\/F0F8A10F-27D4-4028-ACF0-8D6B72C54992.jpeg","jetpack_sharing_enabled":true,"jetpack_likes_enabled":true,"amp_enabled":true,"_links":{"self":[{"href":"https:\/\/encuentroinformativo.com.mx\/index.php?rest_route=\/wp\/v2\/posts\/29510","targetHints":{"allow":["GET"]}}],"collection":[{"href":"https:\/\/encuentroinformativo.com.mx\/index.php?rest_route=\/wp\/v2\/posts"}],"about":[{"href":"https:\/\/encuentroinformativo.com.mx\/index.php?rest_route=\/wp\/v2\/types\/post"}],"author":[{"embeddable":true,"href":"https:\/\/encuentroinformativo.com.mx\/index.php?rest_route=\/wp\/v2\/users\/1"}],"replies":[{"embeddable":true,"href":"https:\/\/encuentroinformativo.com.mx\/index.php?rest_route=%2Fwp%2Fv2%2Fcomments&post=29510"}],"version-history":[{"count":1,"href":"https:\/\/encuentroinformativo.com.mx\/index.php?rest_route=\/wp\/v2\/posts\/29510\/revisions"}],"predecessor-version":[{"id":29512,"href":"https:\/\/encuentroinformativo.com.mx\/index.php?rest_route=\/wp\/v2\/posts\/29510\/revisions\/29512"}],"wp:featuredmedia":[{"embeddable":true,"href":"https:\/\/encuentroinformativo.com.mx\/index.php?rest_route=\/wp\/v2\/media\/29511"}],"wp:attachment":[{"href":"https:\/\/encuentroinformativo.com.mx\/index.php?rest_route=%2Fwp%2Fv2%2Fmedia&parent=29510"}],"wp:term":[{"taxonomy":"category","embeddable":true,"href":"https:\/\/encuentroinformativo.com.mx\/index.php?rest_route=%2Fwp%2Fv2%2Fcategories&post=29510"},{"taxonomy":"post_tag","embeddable":true,"href":"https:\/\/encuentroinformativo.com.mx\/index.php?rest_route=%2Fwp%2Fv2%2Ftags&post=29510"}],"curies":[{"name":"wp","href":"https:\/\/api.w.org\/{rel}","templated":true}]}}