{"id":29513,"date":"2022-07-18T12:45:15","date_gmt":"2022-07-18T17:45:15","guid":{"rendered":"https:\/\/encuentroinformativo.com.mx\/?p=29513"},"modified":"2022-07-18T12:45:19","modified_gmt":"2022-07-18T17:45:19","slug":"sistema-portuario-veracruzano-mejorara-terminales-en-alvarado","status":"publish","type":"post","link":"https:\/\/encuentroinformativo.com.mx\/?p=29513","title":{"rendered":"Sistema Portuario Veracruzano mejorar\u00e1 terminales en Alvarado"},"content":{"rendered":"\n<p><strong>Alejandro \u00c1vila<\/strong><\/p>\n\n\n\n<p>Alvarado, Ver.- El Sistema Portuario Veracruzano planea mejorar las terminales del municipio de Alvarado, pues con ello buscar\u00e1n impulsar la industria metalmec\u00e1nica en la ciudad, se\u00f1al\u00f3 su director general, Jorge Luis Fern\u00e1ndez Bravo.<\/p>\n\n\n\n<p>El empresario destac\u00f3 la mano de obra calificada qu\u00e9 se han logrado consolidar desde 15 a\u00f1os en Alvarado, por lo que buscan doblar o triplicar el n\u00famero de empleos con la modernizaci\u00f3n.<\/p>\n\n\n\n<p>Es de recordar que hace unas semanas el presidente de la rep\u00fablica Andr\u00e9s Manuel L\u00f3pez Obrador anunci\u00f3 que reactivara el proyecto la Lakach en Alvarado, por lo que se necesitar\u00e1n m\u00e1s y mejores terminales, adem\u00e1s de la modernizaci\u00f3n de los servicios.<\/p>\n\n\n\n<p>Durante la visita de supervisi\u00f3n de desguace en Off Sonora, perteneciente a la empresa Ferrociclables S.A. de C. V; la alcaldesa de Alvarado, Lizette \u00c1lvarez Vera asegur\u00f3 que su administraci\u00f3n ser\u00e1 un facilitador de condiciones para que la iniciativa privada se pueda asentar en el municipio, y se generen los empleos que detonen nuevamente la econom\u00eda de Alvarado.<\/p>\n\n\n\n<p>La edil agreg\u00f3 que, desde el inicio de su gobierno viene tocando puertas para resolver el problema del cableado de Comisi\u00f3n Federal de Electricidad (CFE), ya que sus cables no permiten el paso de embarcaciones grandes y tambi\u00e9n se requiere de un dragado para que se pueda cruzar el puente, de lograrlo, habr\u00eda un crecimiento exponencial, apunt\u00f3.&nbsp;<\/p>\n\n\n\n<p>Finalmente, el representante legal de Ferrociclabes, Javier Soberano explic\u00f3 que, la empresa cumple con todas las normas y est\u00e1ndares de calidad, se fomentan fuentes de empleo, destacando la coordinaci\u00f3n con los tres niveles de gobierno para logar impulsar al sector donde Alvarado jugar\u00e1 un papel preponderante en el futuro.<\/p>\n","protected":false},"excerpt":{"rendered":"<p>Alejandro \u00c1vila Alvarado, Ver.- El Sistema Portuario Veracruzano planea mejorar las terminales del municipio de Alvarado, pues con ello buscar\u00e1n impulsar la industria metalmec\u00e1nica en la ciudad, se\u00f1al\u00f3 su director general, Jorge Luis Fern\u00e1ndez Bravo. El empresario destac\u00f3 la mano de obra calificada qu\u00e9 se han logrado consolidar desde 15 a\u00f1os en Alvarado, por lo [&hellip;]<\/p>\n","protected":false},"author":1,"featured_media":29514,"comment_status":"open","ping_status":"open","sticky":false,"template":"","format":"standard","meta":{"_jetpack_memberships_contains_paid_content":false,"footnotes":""},"categories":[2],"tags":[],"class_list":["post-29513","post","type-post","status-publish","format-standard","has-post-thumbnail","hentry","category-estado"],"jetpack_featured_media_url":"https:\/\/encuentroinformativo.com.mx\/wp-content\/uploads\/2022\/07\/609F4C09-EAB7-4ED7-A501-522AF8C64A65.jpeg","jetpack_sharing_enabled":true,"jetpack_likes_enabled":true,"amp_enabled":true,"_links":{"self":[{"href":"https:\/\/encuentroinformativo.com.mx\/index.php?rest_route=\/wp\/v2\/posts\/29513","targetHints":{"allow":["GET"]}}],"collection":[{"href":"https:\/\/encuentroinformativo.com.mx\/index.php?rest_route=\/wp\/v2\/posts"}],"about":[{"href":"https:\/\/encuentroinformativo.com.mx\/index.php?rest_route=\/wp\/v2\/types\/post"}],"author":[{"embeddable":true,"href":"https:\/\/encuentroinformativo.com.mx\/index.php?rest_route=\/wp\/v2\/users\/1"}],"replies":[{"embeddable":true,"href":"https:\/\/encuentroinformativo.com.mx\/index.php?rest_route=%2Fwp%2Fv2%2Fcomments&post=29513"}],"version-history":[{"count":1,"href":"https:\/\/encuentroinformativo.com.mx\/index.php?rest_route=\/wp\/v2\/posts\/29513\/revisions"}],"predecessor-version":[{"id":29515,"href":"https:\/\/encuentroinformativo.com.mx\/index.php?rest_route=\/wp\/v2\/posts\/29513\/revisions\/29515"}],"wp:featuredmedia":[{"embeddable":true,"href":"https:\/\/encuentroinformativo.com.mx\/index.php?rest_route=\/wp\/v2\/media\/29514"}],"wp:attachment":[{"href":"https:\/\/encuentroinformativo.com.mx\/index.php?rest_route=%2Fwp%2Fv2%2Fmedia&parent=29513"}],"wp:term":[{"taxonomy":"category","embeddable":true,"href":"https:\/\/encuentroinformativo.com.mx\/index.php?rest_route=%2Fwp%2Fv2%2Fcategories&post=29513"},{"taxonomy":"post_tag","embeddable":true,"href":"https:\/\/encuentroinformativo.com.mx\/index.php?rest_route=%2Fwp%2Fv2%2Ftags&post=29513"}],"curies":[{"name":"wp","href":"https:\/\/api.w.org\/{rel}","templated":true}]}}