{"id":29519,"date":"2022-07-18T12:55:54","date_gmt":"2022-07-18T17:55:54","guid":{"rendered":"https:\/\/encuentroinformativo.com.mx\/?p=29519"},"modified":"2022-07-18T12:55:59","modified_gmt":"2022-07-18T17:55:59","slug":"acusa-mc-endeudamiento-de-gobierno-estatal","status":"publish","type":"post","link":"https:\/\/encuentroinformativo.com.mx\/?p=29519","title":{"rendered":"Acusa MC endeudamiento de Gobierno Estatal"},"content":{"rendered":"\n<p><strong>Dar\u00edo Pale <\/strong><\/p>\n\n\n\n<p>Xalapa, Ver.- Comparan al gobernador de Veracruz Cuitl\u00e1huac Garc\u00eda Jim\u00e9nez como el nuevo Javier Duarte de Morena esto debido al endeudamiento que gener\u00f3 tan solo en los primeros a\u00f1os de su administraci\u00f3n, as\u00ed lo se\u00f1al\u00f3 el dirigente estatal de Movimiento Ciudadano, Sergio Gil Rull\u00e1n.<\/p>\n\n\n\n<p>En conferencia de prensa se\u00f1al\u00f3 que, &#8220;con los datos que encontramos, con todo lo que este gobierno ha solicitado y pedido, nos damos cuenta que Cuitl\u00e1huac es el nuevo Duarte. No cabe duda porque los n\u00fameros son fr\u00edos&#8221;, expres\u00f3.<\/p>\n\n\n\n<p>Dio a conocer que hizo un an\u00e1lisis de los montos de los cr\u00e9ditos solicitados durante cada uno de los a\u00f1os de administraci\u00f3n de Javier Duarte y los dos primeros del actual Ejecutivo y en ese sentido, se\u00f1al\u00f3 que ya super\u00f3 las cifras del exmandatario internado en el reclusorio Norte de la Ciudad de M\u00e9xico.<\/p>\n\n\n\n<p>Afirm\u00f3 que el gobierno de Cuitl\u00e1huac en sus primeros dos a\u00f1os endeud\u00f3 m\u00e1s al Estado que Javier Duarte y es que en su primer a\u00f1o, pidi\u00f3 15 mil 500 millones de pr\u00e9stamos, mientras que el actual ejecutivo pidi\u00f3 21 mil 300 millones de pesos.<\/p>\n\n\n\n<p>En el segundo a\u00f1o de Duarte, pidi\u00f3 19 mil 300 millones de pesos y Cuitl\u00e1huac Garc\u00eda pidi\u00f3 19 mil 800 millones de pesos, lo que es &#8220;alarmante&#8221;.<\/p>\n\n\n\n<p>Sostuvo que si el \u00edndice de la corrupci\u00f3n, de mal gobierno, de ineptitud hab\u00eda sido el de Duarte, ahora el Mandatario lo super\u00f3 por 6 mil 200 millones, \u00fanicamente en los dos primeros a\u00f1os.<\/p>\n\n\n\n<p>Refiri\u00f3 que el Congreso del Estado le ha autorizado 47 mil millones de pesos de deuda, por lo que cada veracruzanos debe casi 6 mil pesos y al d\u00eda de hoy, lo que est\u00e1 registrado es que quedan 40 mil millones de pesos de deuda, es decir, 16 mil 700 pesos por cada hogar veracruzano.<\/p>\n\n\n\n<p>Sergio Gil Rull\u00e1n agreg\u00f3 que lo m\u00e1s preocupante es que esa deuda no se ve, no se sabe d\u00f3nde est\u00e1, para qu\u00e9 se ocup\u00f3, porque cuando se le pregunta al Congreso local, la respuesta es que no hay reglas de operaci\u00f3n.<\/p>\n\n\n\n<p>Afirm\u00f3 que de los 22 financiamientos que se le han autorizado, no existe relaci\u00f3n al desarrollo, no hubo generaci\u00f3n de empleos, no ha habido reactivaci\u00f3n econ\u00f3mica, no hubo pr\u00e9stamos a las empresas, no se crearon proyectos productivos y, en el Estado se han cerrado m\u00e1s de 90 mil empresas en lo que va de la administraci\u00f3n.<\/p>\n\n\n\n<p>&#8220;Lo peor del caso, dij\u00e9ramos ellos la piden y la van a terminar de pagar, claro que no, esta deuda est\u00e1 registrada hasta el 2040, son cuatro administraciones las que Veracruz permanecer\u00e1 endeudado por culpa de Cuitl\u00e1huac Garc\u00eda&#8221;, se\u00f1al\u00f3.<\/p>\n\n\n\n<p>Refiri\u00f3 que la ley estipula que no se puede pasar del 6 por ciento de los ingresos, pero han violentado los ordenamientos legales, porque en el 2019 pidieron el 277 por ciento arriba con base en la cifras mostradas y en 2020, el 254 por ciento, por lo que s\u00f3lo pod\u00edan pedir, en el primer a\u00f1o, 7 mil 701 millones y pidieron m\u00e1s de 21 mil millones de pesos.<\/p>\n\n\n\n<p>En el segundo a\u00f1o solo pod\u00edan pedir 7 mil 772 millones y pidieron 19 mil millones de pesos, sin reglas de operaci\u00f3n, sin decir para qu\u00e9 lo iban a usar y hasta hoy no se tienen esos datos.<\/p>\n\n\n\n<p>Reiter\u00f3 que los cr\u00e9ditos que ha solicitado el titular de la Secretar\u00eda de Finanzas y Planeaci\u00f3n, Jos\u00e9 Luis Lima Franco, est\u00e1n registrados hasta el 2040, incluso algunos est\u00e1n registrados hasta el 2045, aunque todav\u00eda no tienen dicha informaci\u00f3n completa.<\/p>\n\n\n\n<p>El dirigente de Movimiento Ciudadano revel\u00f3 que Banorte es la instituci\u00f3n financiera que han usado para los 22 cr\u00e9ditos, por lo que solicitar\u00e1n por escrito al Secretario y al Gobernador por qu\u00e9 s\u00f3lo con esta empresa y saber si est\u00e1n haciendo alg\u00fan negocio.<\/p>\n\n\n\n<p>&#8220;Acaso tienen miedo de que se sepa cu\u00e1nto cobran de comisi\u00f3n, la apertura, que el que hace el cr\u00e9dito se lleva un porcentaje. No sabemos a qui\u00e9n est\u00e1n haciendo millonario y mucho menos con cu\u00e1nto&#8221;, asever\u00f3.<\/p>\n\n\n\n<p>Aclar\u00f3 que la deuda no incluye ni la deuda del Poder Judicial, municipios ni organismos descentralizados del agua.<\/p>\n\n\n\n<p>Tomaron como base los resultados de la Auditor\u00eda Superior de la Federaci\u00f3n, An\u00e1lisis de la Deuda P\u00fablica de las Entidades y Municipios del 2000 al 2020.<\/p>\n\n\n\n<p>Asimismo, los resultados de la Cuenta P\u00fablica 2016 del \u00d3rgano de Fiscalizaci\u00f3n Superior, el padr\u00f3n de Financiamiento y Obligaciones Inscritos en el Registro P\u00fablico \u00danico de la Secretar\u00eda de Hacienda y Cr\u00e9dito P\u00fablico; el reporte trimestral sobre la Deuda de Entidades Federativas y Municipios.<\/p>\n\n\n\n<p>De igual forma el Cuarto Informe Trimestral de Finanzas P\u00fablicas del 1 de enero al 31 de diciembre de 2019 al 2020 y 2021 del gobierno de Veracruz, entre otros.<\/p>\n","protected":false},"excerpt":{"rendered":"<p>Dar\u00edo Pale Xalapa, Ver.- Comparan al gobernador de Veracruz Cuitl\u00e1huac Garc\u00eda Jim\u00e9nez como el nuevo Javier Duarte de Morena esto debido al endeudamiento que gener\u00f3 tan solo en los primeros a\u00f1os de su administraci\u00f3n, as\u00ed lo se\u00f1al\u00f3 el dirigente estatal de Movimiento Ciudadano, Sergio Gil Rull\u00e1n. En conferencia de prensa se\u00f1al\u00f3 que, &#8220;con los datos [&hellip;]<\/p>\n","protected":false},"author":1,"featured_media":29520,"comment_status":"open","ping_status":"open","sticky":false,"template":"","format":"standard","meta":{"_jetpack_memberships_contains_paid_content":false,"footnotes":""},"categories":[2],"tags":[],"class_list":["post-29519","post","type-post","status-publish","format-standard","has-post-thumbnail","hentry","category-estado"],"jetpack_featured_media_url":"https:\/\/encuentroinformativo.com.mx\/wp-content\/uploads\/2022\/07\/D512D4A0-2D87-4BBF-8A4E-F7CEFA200E39.jpeg","jetpack_sharing_enabled":true,"jetpack_likes_enabled":true,"amp_enabled":true,"_links":{"self":[{"href":"https:\/\/encuentroinformativo.com.mx\/index.php?rest_route=\/wp\/v2\/posts\/29519","targetHints":{"allow":["GET"]}}],"collection":[{"href":"https:\/\/encuentroinformativo.com.mx\/index.php?rest_route=\/wp\/v2\/posts"}],"about":[{"href":"https:\/\/encuentroinformativo.com.mx\/index.php?rest_route=\/wp\/v2\/types\/post"}],"author":[{"embeddable":true,"href":"https:\/\/encuentroinformativo.com.mx\/index.php?rest_route=\/wp\/v2\/users\/1"}],"replies":[{"embeddable":true,"href":"https:\/\/encuentroinformativo.com.mx\/index.php?rest_route=%2Fwp%2Fv2%2Fcomments&post=29519"}],"version-history":[{"count":1,"href":"https:\/\/encuentroinformativo.com.mx\/index.php?rest_route=\/wp\/v2\/posts\/29519\/revisions"}],"predecessor-version":[{"id":29521,"href":"https:\/\/encuentroinformativo.com.mx\/index.php?rest_route=\/wp\/v2\/posts\/29519\/revisions\/29521"}],"wp:featuredmedia":[{"embeddable":true,"href":"https:\/\/encuentroinformativo.com.mx\/index.php?rest_route=\/wp\/v2\/media\/29520"}],"wp:attachment":[{"href":"https:\/\/encuentroinformativo.com.mx\/index.php?rest_route=%2Fwp%2Fv2%2Fmedia&parent=29519"}],"wp:term":[{"taxonomy":"category","embeddable":true,"href":"https:\/\/encuentroinformativo.com.mx\/index.php?rest_route=%2Fwp%2Fv2%2Fcategories&post=29519"},{"taxonomy":"post_tag","embeddable":true,"href":"https:\/\/encuentroinformativo.com.mx\/index.php?rest_route=%2Fwp%2Fv2%2Ftags&post=29519"}],"curies":[{"name":"wp","href":"https:\/\/api.w.org\/{rel}","templated":true}]}}