{"id":29522,"date":"2022-07-18T13:53:11","date_gmt":"2022-07-18T18:53:11","guid":{"rendered":"https:\/\/encuentroinformativo.com.mx\/?p=29522"},"modified":"2022-07-18T13:53:14","modified_gmt":"2022-07-18T18:53:14","slug":"xalapa-sede-de-cumbre-de-abogados","status":"publish","type":"post","link":"https:\/\/encuentroinformativo.com.mx\/?p=29522","title":{"rendered":"Xalapa, sede de Cumbre de Abogados"},"content":{"rendered":"\n<p><strong>Dar\u00edo Pale <\/strong><\/p>\n\n\n\n<p>Xalapa, Ver.- Abogados dieron a conocer que Xalapa ser\u00e1 la sede de la Cumbre Nacional de la Alianza de Abogados 2022, esto con la finalidad de dar a conocer la problem\u00e1tica de sus estados en materia penal, as\u00ed lo coment\u00f3 el abogado Jhonhy Archer.<\/p>\n\n\n\n<p>En conferencia de prensa se\u00f1al\u00f3 que, es importante que todos deben de exponer su problem\u00e1tica y as\u00ed, escoger el mejor momento para su discusi\u00f3n, debate y an\u00e1lisis adem\u00e1s de propuestas.<\/p>\n\n\n\n<p>La finalidad de la cumbre es sacar propuestas que permitan presentar tanto al Gobierno Estatal y Federal para que vean que los abogados no solo buscan ir en contra de ellos, si no para trabajar a favor de la justicia de M\u00e9xico.<\/p>\n\n\n\n<p>\u201cJamas ha sido esa nuestra postura, lo que hemos hecho ha sido mejorar la ministraron y la forma de actuar del Gobierno\u201d, dijo al tiempo que \u201cexhorto a todos los compa\u00f1eros las expongan en la cumbre y es la oportunidad a nivel nacional de poder expresar este tipo de anomal\u00edas.<\/p>\n\n\n\n<p>En ese sentido, el abogado se busca que todas y todos los abogados de la rep\u00fablica asistan para poder trabajar juntos y colaborar tal tener un mejor estado de derecho.<\/p>\n\n\n\n<p>\u201cVamos a presentar las ponencias necesarias para un libro electr\u00f3nico que va circular en centro America y despu\u00e9s en Europa, en donde todos los abogados van a disponer de su problem\u00e1tica\u201d, dijo.<\/p>\n\n\n\n<p>Cabe mencionar que la Cumbre Nacional de la Alianza de Abogados 2022 se realizar\u00e1 del jueves 21 al s\u00e1bado 23 de julio en el hotel Xalapa de est\u00e1 ciudad.<\/p>\n","protected":false},"excerpt":{"rendered":"<p>Dar\u00edo Pale Xalapa, Ver.- Abogados dieron a conocer que Xalapa ser\u00e1 la sede de la Cumbre Nacional de la Alianza de Abogados 2022, esto con la finalidad de dar a conocer la problem\u00e1tica de sus estados en materia penal, as\u00ed lo coment\u00f3 el abogado Jhonhy Archer. En conferencia de prensa se\u00f1al\u00f3 que, es importante que [&hellip;]<\/p>\n","protected":false},"author":1,"featured_media":29523,"comment_status":"open","ping_status":"open","sticky":false,"template":"","format":"standard","meta":{"_jetpack_memberships_contains_paid_content":false,"footnotes":""},"categories":[3],"tags":[],"class_list":["post-29522","post","type-post","status-publish","format-standard","has-post-thumbnail","hentry","category-xalapa"],"jetpack_featured_media_url":"https:\/\/encuentroinformativo.com.mx\/wp-content\/uploads\/2022\/07\/1A556A9B-E2E2-41BF-A09B-7B63110CBA1B.jpeg","jetpack_sharing_enabled":true,"jetpack_likes_enabled":true,"amp_enabled":true,"_links":{"self":[{"href":"https:\/\/encuentroinformativo.com.mx\/index.php?rest_route=\/wp\/v2\/posts\/29522","targetHints":{"allow":["GET"]}}],"collection":[{"href":"https:\/\/encuentroinformativo.com.mx\/index.php?rest_route=\/wp\/v2\/posts"}],"about":[{"href":"https:\/\/encuentroinformativo.com.mx\/index.php?rest_route=\/wp\/v2\/types\/post"}],"author":[{"embeddable":true,"href":"https:\/\/encuentroinformativo.com.mx\/index.php?rest_route=\/wp\/v2\/users\/1"}],"replies":[{"embeddable":true,"href":"https:\/\/encuentroinformativo.com.mx\/index.php?rest_route=%2Fwp%2Fv2%2Fcomments&post=29522"}],"version-history":[{"count":1,"href":"https:\/\/encuentroinformativo.com.mx\/index.php?rest_route=\/wp\/v2\/posts\/29522\/revisions"}],"predecessor-version":[{"id":29524,"href":"https:\/\/encuentroinformativo.com.mx\/index.php?rest_route=\/wp\/v2\/posts\/29522\/revisions\/29524"}],"wp:featuredmedia":[{"embeddable":true,"href":"https:\/\/encuentroinformativo.com.mx\/index.php?rest_route=\/wp\/v2\/media\/29523"}],"wp:attachment":[{"href":"https:\/\/encuentroinformativo.com.mx\/index.php?rest_route=%2Fwp%2Fv2%2Fmedia&parent=29522"}],"wp:term":[{"taxonomy":"category","embeddable":true,"href":"https:\/\/encuentroinformativo.com.mx\/index.php?rest_route=%2Fwp%2Fv2%2Fcategories&post=29522"},{"taxonomy":"post_tag","embeddable":true,"href":"https:\/\/encuentroinformativo.com.mx\/index.php?rest_route=%2Fwp%2Fv2%2Ftags&post=29522"}],"curies":[{"name":"wp","href":"https:\/\/api.w.org\/{rel}","templated":true}]}}