{"id":29528,"date":"2022-07-18T11:36:47","date_gmt":"2022-07-18T16:36:47","guid":{"rendered":"https:\/\/encuentroinformativo.com.mx\/?p=29528"},"modified":"2022-07-18T15:38:52","modified_gmt":"2022-07-18T20:38:52","slug":"instalara-diputado-modulos-de-consulta-para-eliminar-horario-de-verano","status":"publish","type":"post","link":"https:\/\/encuentroinformativo.com.mx\/?p=29528","title":{"rendered":"Instalar\u00e1 diputado m\u00f3dulos de consulta para eliminar horario de verano"},"content":{"rendered":"\n<p><strong>Alejandro \u00c1vila<\/strong><\/p>\n\n\n\n<p>Veracruz, Ver.- El diputado federal, Carlos Alberto Valenzuela Gonz\u00e1lez mencion\u00f3 que, a partir del mes de agosto instalar\u00e1 en los municipios de Veracruz y Boca del R\u00edo m\u00f3dulos de consulta para conocer el sentir de la ciudadan\u00eda, al respecto de la probable eliminaci\u00f3n del horario de verano.<\/p>\n\n\n\n<p>El panista dijo que, en pr\u00f3ximas fechas se estar\u00e1 botando en la C\u00e1mara de Diputados la posible eliminaci\u00f3n del horario de verano, misma que como partido ven viable, si se analizan las consecuencias comerciales que podr\u00edan generarse al no quitarlo, toda vez que para 2023, tanto Estados Unidos como Europa dejar\u00e1n de hacer este cambio de horario.<\/p>\n\n\n\n<p>&#8220;A partir del mes de agosto instalaremos unos m\u00f3dulos de consulta, as\u00ed como hicimos la consulta de la votaci\u00f3n de la regularizaci\u00f3n del cannabis, instalaremos unos m\u00f3dulos de consulta en distintas partes de la zona conurbada Veracruz &#8211; Boca del R\u00edo, para saber qu\u00e9 opinan los veracruzanos, qu\u00e9 opinan los boque\u00f1os, acerca de la eliminaci\u00f3n del uso del horario de verano&#8221;, puntualiz\u00f3.<\/p>\n\n\n\n<p>El panista dijo que se encuentran en reuniones con el sector empresarial, pues destac\u00f3 que ellos mismos consideran viable eliminarlo, para no afectar sus procesos comerciales con Estados Unidos, ya que f\u00e1bricas maquiladoras o manufactureras del norte de M\u00e9xico podr\u00edan perder millones de pesos en contratos, al no homologar el horario con el vecino pa\u00eds, qui\u00e9n es el principal socio comercial.<\/p>\n\n\n\n<p>&#8220;La agrupaci\u00f3n de maquiladoras, de manufactureros, han hablado acerca de eliminarlo, m\u00e1s que nada para el tema comercial, de dejarlo igual que Estados Unidos, entonces en Acci\u00f3n Nacional desde luego que estamos explorando esa posibilidad, consultaremos tambi\u00e9n con los electores para saber cu\u00e1l es su opini\u00f3n, pero no estamos cerrados a un tema&#8221;, remat\u00f3.<\/p>\n","protected":false},"excerpt":{"rendered":"<p>Alejandro \u00c1vila Veracruz, Ver.- El diputado federal, Carlos Alberto Valenzuela Gonz\u00e1lez mencion\u00f3 que, a partir del mes de agosto instalar\u00e1 en los municipios de Veracruz y Boca del R\u00edo m\u00f3dulos de consulta para conocer el sentir de la ciudadan\u00eda, al respecto de la probable eliminaci\u00f3n del horario de verano. El panista dijo que, en pr\u00f3ximas [&hellip;]<\/p>\n","protected":false},"author":1,"featured_media":29529,"comment_status":"open","ping_status":"open","sticky":false,"template":"","format":"standard","meta":{"_jetpack_memberships_contains_paid_content":false,"footnotes":""},"categories":[2],"tags":[],"class_list":["post-29528","post","type-post","status-publish","format-standard","has-post-thumbnail","hentry","category-estado"],"jetpack_featured_media_url":"https:\/\/encuentroinformativo.com.mx\/wp-content\/uploads\/2022\/07\/8AA26CD8-6B3A-4D9B-93F1-55A2F5D2EA99.jpeg","jetpack_sharing_enabled":true,"jetpack_likes_enabled":true,"amp_enabled":true,"_links":{"self":[{"href":"https:\/\/encuentroinformativo.com.mx\/index.php?rest_route=\/wp\/v2\/posts\/29528","targetHints":{"allow":["GET"]}}],"collection":[{"href":"https:\/\/encuentroinformativo.com.mx\/index.php?rest_route=\/wp\/v2\/posts"}],"about":[{"href":"https:\/\/encuentroinformativo.com.mx\/index.php?rest_route=\/wp\/v2\/types\/post"}],"author":[{"embeddable":true,"href":"https:\/\/encuentroinformativo.com.mx\/index.php?rest_route=\/wp\/v2\/users\/1"}],"replies":[{"embeddable":true,"href":"https:\/\/encuentroinformativo.com.mx\/index.php?rest_route=%2Fwp%2Fv2%2Fcomments&post=29528"}],"version-history":[{"count":1,"href":"https:\/\/encuentroinformativo.com.mx\/index.php?rest_route=\/wp\/v2\/posts\/29528\/revisions"}],"predecessor-version":[{"id":29530,"href":"https:\/\/encuentroinformativo.com.mx\/index.php?rest_route=\/wp\/v2\/posts\/29528\/revisions\/29530"}],"wp:featuredmedia":[{"embeddable":true,"href":"https:\/\/encuentroinformativo.com.mx\/index.php?rest_route=\/wp\/v2\/media\/29529"}],"wp:attachment":[{"href":"https:\/\/encuentroinformativo.com.mx\/index.php?rest_route=%2Fwp%2Fv2%2Fmedia&parent=29528"}],"wp:term":[{"taxonomy":"category","embeddable":true,"href":"https:\/\/encuentroinformativo.com.mx\/index.php?rest_route=%2Fwp%2Fv2%2Fcategories&post=29528"},{"taxonomy":"post_tag","embeddable":true,"href":"https:\/\/encuentroinformativo.com.mx\/index.php?rest_route=%2Fwp%2Fv2%2Ftags&post=29528"}],"curies":[{"name":"wp","href":"https:\/\/api.w.org\/{rel}","templated":true}]}}