{"id":29532,"date":"2022-07-18T12:41:38","date_gmt":"2022-07-18T17:41:38","guid":{"rendered":"https:\/\/encuentroinformativo.com.mx\/?p=29532"},"modified":"2022-07-18T15:45:59","modified_gmt":"2022-07-18T20:45:59","slug":"inflacion-sigue-afectando-familias-programas-sociales-no-ayudan-salomon","status":"publish","type":"post","link":"https:\/\/encuentroinformativo.com.mx\/?p=29532","title":{"rendered":"Inflaci\u00f3n sigue afectando familias; programas sociales no ayudan: Salom\u00f3n"},"content":{"rendered":"\n<p><strong>Dar\u00edo Pale<\/strong><\/p>\n\n\n\n<p>Xalapa, Ver.- El Presidente del Comit\u00e9 Directivo Estatal (CDE) del Partido Acci\u00f3n Nacional (PAN) en Veracruz Federico Salom\u00f3n Molina, lament\u00f3 que los apoyos del gobierno no busquen sacar a la gente de la pobreza, si no todo lo contrario, pues buscan mantenerlos como una clientela electoral.<\/p>\n\n\n\n<p>En conferencia de prensa se\u00f1al\u00f3 que, \u201clos apoyos de gobierno no tienen por objetivo sacar a la gente de la pobreza, sino hacerse de clientela electoral y est\u00e1n siendo rebasados por el aumento de los precios, el deterioro de la econom\u00eda y el p\u00e9simo gobierno de Morena\u201d.<\/p>\n\n\n\n<p>Federico Salom\u00f3n dio a conocer que en M\u00e9xico la pobreza ha ido aumentando d\u00eda a d\u00eda, derivado de la inflaci\u00f3n del 16.3 por ciento que se tiene desde que inici\u00f3 el 2022.<\/p>\n\n\n\n<p>Refiri\u00f3 que esto ha llevado a un impacto directo en el costo de los combustibles as\u00ed como del gas LP.<\/p>\n\n\n\n<p>Finalmente el dirigente del PAN, dijo que es necesario que tenga una nueva estructura de los programas sociales a fin de apoyar realmente a las familias mexicanas ante la crisis econ\u00f3mica y la inflaci\u00f3n que actualmente se vive en el pa\u00eds.<\/p>\n","protected":false},"excerpt":{"rendered":"<p>Dar\u00edo Pale Xalapa, Ver.- El Presidente del Comit\u00e9 Directivo Estatal (CDE) del Partido Acci\u00f3n Nacional (PAN) en Veracruz Federico Salom\u00f3n Molina, lament\u00f3 que los apoyos del gobierno no busquen sacar a la gente de la pobreza, si no todo lo contrario, pues buscan mantenerlos como una clientela electoral. En conferencia de prensa se\u00f1al\u00f3 que, \u201clos [&hellip;]<\/p>\n","protected":false},"author":1,"featured_media":29533,"comment_status":"open","ping_status":"open","sticky":false,"template":"","format":"standard","meta":{"_jetpack_memberships_contains_paid_content":false,"footnotes":""},"categories":[2],"tags":[],"class_list":["post-29532","post","type-post","status-publish","format-standard","has-post-thumbnail","hentry","category-estado"],"jetpack_featured_media_url":"https:\/\/encuentroinformativo.com.mx\/wp-content\/uploads\/2022\/07\/80E3975A-D9BA-49B3-86B0-C563687DF710.jpeg","jetpack_sharing_enabled":true,"jetpack_likes_enabled":true,"amp_enabled":true,"_links":{"self":[{"href":"https:\/\/encuentroinformativo.com.mx\/index.php?rest_route=\/wp\/v2\/posts\/29532","targetHints":{"allow":["GET"]}}],"collection":[{"href":"https:\/\/encuentroinformativo.com.mx\/index.php?rest_route=\/wp\/v2\/posts"}],"about":[{"href":"https:\/\/encuentroinformativo.com.mx\/index.php?rest_route=\/wp\/v2\/types\/post"}],"author":[{"embeddable":true,"href":"https:\/\/encuentroinformativo.com.mx\/index.php?rest_route=\/wp\/v2\/users\/1"}],"replies":[{"embeddable":true,"href":"https:\/\/encuentroinformativo.com.mx\/index.php?rest_route=%2Fwp%2Fv2%2Fcomments&post=29532"}],"version-history":[{"count":1,"href":"https:\/\/encuentroinformativo.com.mx\/index.php?rest_route=\/wp\/v2\/posts\/29532\/revisions"}],"predecessor-version":[{"id":29534,"href":"https:\/\/encuentroinformativo.com.mx\/index.php?rest_route=\/wp\/v2\/posts\/29532\/revisions\/29534"}],"wp:featuredmedia":[{"embeddable":true,"href":"https:\/\/encuentroinformativo.com.mx\/index.php?rest_route=\/wp\/v2\/media\/29533"}],"wp:attachment":[{"href":"https:\/\/encuentroinformativo.com.mx\/index.php?rest_route=%2Fwp%2Fv2%2Fmedia&parent=29532"}],"wp:term":[{"taxonomy":"category","embeddable":true,"href":"https:\/\/encuentroinformativo.com.mx\/index.php?rest_route=%2Fwp%2Fv2%2Fcategories&post=29532"},{"taxonomy":"post_tag","embeddable":true,"href":"https:\/\/encuentroinformativo.com.mx\/index.php?rest_route=%2Fwp%2Fv2%2Ftags&post=29532"}],"curies":[{"name":"wp","href":"https:\/\/api.w.org\/{rel}","templated":true}]}}