{"id":29535,"date":"2022-07-18T15:49:57","date_gmt":"2022-07-18T20:49:57","guid":{"rendered":"https:\/\/encuentroinformativo.com.mx\/?p=29535"},"modified":"2022-07-18T15:50:00","modified_gmt":"2022-07-18T20:50:00","slug":"ofenden-las-comparaciones-cuitlahuac-garcia","status":"publish","type":"post","link":"https:\/\/encuentroinformativo.com.mx\/?p=29535","title":{"rendered":"Ofenden las comparaciones: Cuitl\u00e1huac Garc\u00eda"},"content":{"rendered":"\n<p><strong>Dar\u00edo Pale <\/strong><\/p>\n\n\n\n<p>Xalapa, Ver.- \u201cNo manchen, no ofendan&#8221;, respondi\u00f3 el Gobernador del estado Cuitl\u00e1huac Garc\u00eda Jim\u00e9nez a Movimiento Ciudadano (MC), por la comparaci\u00f3n que hizo este lunes de su persona con el exgobernador Javier Duarte y decir que es el nuevo Duarte por el nivel de endeudamiento.<\/p>\n\n\n\n<p>En conferencia de prensa adelant\u00f3 que solicitar\u00e1 al secretario de Finanzas que explique el endeudamiento, \u00fanicamente sobre la deuda de m\u00e1s de 40 mil millones de pesos y no sobre los cr\u00e9ditos que ha solicitado.<\/p>\n\n\n\n<p>&#8220;Respeto su opini\u00f3n, pero no le voy a entrar al ring, nada m\u00e1s que no ofenda, ya eso de compararme con Duarte, yo no me llevo as\u00ed, respeto, como dicen los j\u00f3venes, no manchen&#8221;, se\u00f1al\u00f3.<\/p>\n\n\n\n<p>\u201cYa han intentado hablar varias veces sobre el endeudamiento, queri\u00e9ndonos culpar a nosotros de los 40 mil millones de pesos que dejaron, pero el se\u00f1or oculta y no quiere decir que no es s\u00f3lo eso, no solamente es la deuda bancaria que se registra como deuda cada vez que reestructuras&#8221;, agreg\u00f3.<\/p>\n\n\n\n<p>Afirm\u00f3 que no se trata de nueva deuda, sino que es la que ya se ten\u00eda y ya se reestructur\u00f3, pero que debe pasar por la Legislatura para obtener intereses m\u00e1s bajos a como se negoci\u00f3 por sus antecesores.<\/p>\n\n\n\n<p>&#8220;Pero no me voy a subir al ring, yo solamente pido que no se manchen, que no hagan esas comparaciones, ofenden, con todo respeto para el otro aludido&#8221;, expres\u00f3 al referirse al exgobernador Duarte.<\/p>\n\n\n\n<p>Pese a todo ello, dijo que le indicar\u00eda al secretario de Finanzas, Jos\u00e9 Luis Lima Franco que de a conocer c\u00f3mo est\u00e1 el endeudamiento solicitado y c\u00f3mo los integrantes de partidos pol\u00edticos que han sido aliados en anteriores legislaturas fueron quienes aprobaron la deuda en otros a\u00f1os y que ahora se les olvida.<\/p>\n\n\n\n<p>Garc\u00eda Jim\u00e9nez refiri\u00f3 que Dante Delgado, dirigente nacional de Movimiento Ciudadano se ali\u00f3 con panistas y priistas en Plaza Lerdo durante un m\u00edtin, olvidando que los otros partidos fueron quienes aprobaron los diversos endeudamientos del Estado.<\/p>\n\n\n\n<p>Hizo referencia a la fotograf\u00eda en donde Dante Delgado, Julen Renter\u00eda, H\u00e9ctor Yunes, entre muchos otros se juntaron en Plaza Lerdo y afirm\u00f3 que fueron los que endeudaron al Estado.<\/p>\n\n\n\n<p>Finalmente coment\u00f3 que, &#8220;\u00bfQui\u00e9nes est\u00e1n?, los que endeudaron y no dijo nada (Dante Delgado) y ahora hasta ofende. Nada m\u00e1s hay que hacer la lista de todos los que est\u00e1n aqu\u00ed y son los que endeudaron y causaron la desastrosa situaci\u00f3n econ\u00f3mica de Veracruz&#8221;, agreg\u00f3.<\/p>\n","protected":false},"excerpt":{"rendered":"<p>Dar\u00edo Pale Xalapa, Ver.- \u201cNo manchen, no ofendan&#8221;, respondi\u00f3 el Gobernador del estado Cuitl\u00e1huac Garc\u00eda Jim\u00e9nez a Movimiento Ciudadano (MC), por la comparaci\u00f3n que hizo este lunes de su persona con el exgobernador Javier Duarte y decir que es el nuevo Duarte por el nivel de endeudamiento. En conferencia de prensa adelant\u00f3 que solicitar\u00e1 al [&hellip;]<\/p>\n","protected":false},"author":1,"featured_media":29536,"comment_status":"open","ping_status":"open","sticky":false,"template":"","format":"standard","meta":{"_jetpack_memberships_contains_paid_content":false,"footnotes":""},"categories":[2],"tags":[],"class_list":["post-29535","post","type-post","status-publish","format-standard","has-post-thumbnail","hentry","category-estado"],"jetpack_featured_media_url":"https:\/\/encuentroinformativo.com.mx\/wp-content\/uploads\/2022\/07\/1E93AEAF-508B-4A92-A638-20A3467E0BCF.jpeg","jetpack_sharing_enabled":true,"jetpack_likes_enabled":true,"amp_enabled":true,"_links":{"self":[{"href":"https:\/\/encuentroinformativo.com.mx\/index.php?rest_route=\/wp\/v2\/posts\/29535","targetHints":{"allow":["GET"]}}],"collection":[{"href":"https:\/\/encuentroinformativo.com.mx\/index.php?rest_route=\/wp\/v2\/posts"}],"about":[{"href":"https:\/\/encuentroinformativo.com.mx\/index.php?rest_route=\/wp\/v2\/types\/post"}],"author":[{"embeddable":true,"href":"https:\/\/encuentroinformativo.com.mx\/index.php?rest_route=\/wp\/v2\/users\/1"}],"replies":[{"embeddable":true,"href":"https:\/\/encuentroinformativo.com.mx\/index.php?rest_route=%2Fwp%2Fv2%2Fcomments&post=29535"}],"version-history":[{"count":1,"href":"https:\/\/encuentroinformativo.com.mx\/index.php?rest_route=\/wp\/v2\/posts\/29535\/revisions"}],"predecessor-version":[{"id":29537,"href":"https:\/\/encuentroinformativo.com.mx\/index.php?rest_route=\/wp\/v2\/posts\/29535\/revisions\/29537"}],"wp:featuredmedia":[{"embeddable":true,"href":"https:\/\/encuentroinformativo.com.mx\/index.php?rest_route=\/wp\/v2\/media\/29536"}],"wp:attachment":[{"href":"https:\/\/encuentroinformativo.com.mx\/index.php?rest_route=%2Fwp%2Fv2%2Fmedia&parent=29535"}],"wp:term":[{"taxonomy":"category","embeddable":true,"href":"https:\/\/encuentroinformativo.com.mx\/index.php?rest_route=%2Fwp%2Fv2%2Fcategories&post=29535"},{"taxonomy":"post_tag","embeddable":true,"href":"https:\/\/encuentroinformativo.com.mx\/index.php?rest_route=%2Fwp%2Fv2%2Ftags&post=29535"}],"curies":[{"name":"wp","href":"https:\/\/api.w.org\/{rel}","templated":true}]}}