{"id":29544,"date":"2022-07-19T10:31:49","date_gmt":"2022-07-19T15:31:49","guid":{"rendered":"https:\/\/encuentroinformativo.com.mx\/?p=29544"},"modified":"2022-07-19T10:31:53","modified_gmt":"2022-07-19T15:31:53","slug":"realizan-paro-de-brazos-caidos-en-telmex","status":"publish","type":"post","link":"https:\/\/encuentroinformativo.com.mx\/?p=29544","title":{"rendered":"Realizan paro de brazos ca\u00eddos en Telmex"},"content":{"rendered":"\n<p><strong>Dar\u00edo Pale <\/strong><\/p>\n\n\n\n<p>Xalapa, Ver.- Los trabajadores de Tel\u00e9fonos de M\u00e9xico (TELMEX) hacen paro de brazos ca\u00eddos; advierten que la huelga se podr\u00eda dar para el pr\u00f3ximo jueves, as\u00ed lo se\u00f1al\u00f3 Mar\u00eda Elena Ortega Rivera, secretaria de Jubilados.<\/p>\n\n\n\n<p>Entrevistada durante la manifestaci\u00f3n argument\u00f3 violaciones a su contrato colectivo de trabajo, la falta de cobertura de vacantes e irregularidades en sus jubilaciones.<\/p>\n\n\n\n<p>Por lo anterior los integrantes del Sindicato de Telefonistas de la Rep\u00fablica Mexicana Secci\u00f3n 17 \u00a0hicieron un paro de brazos ca\u00eddos este martes en las instalaciones de Tel\u00e9fonos de M\u00e9xico ubicadas en la calle Leandro Valle, en el centro de Xalapa.<\/p>\n\n\n\n<p>Precis\u00f3 que en esta secci\u00f3n de la capital son 300 activos y jubilados afectados y de acuerdo a las acciones acordadas a nivel nacional, iniciaron un paro este martes y el jueves se tiene previsto que se vayan a huelga todos los trabajadores sindicalizados.<\/p>\n\n\n\n<p>\u201cNo \u00a0se han cubierto vacantes y no nos quieren respetar las jubilaciones\u201d acuso.<\/p>\n\n\n\n<p>Personal de confianza de esta oficina canaliz\u00f3 a las personas que acudieron a realizar pagos a los cajeros autom\u00e1ticos.<\/p>\n\n\n\n<p>Por \u00faltimo cabe se\u00f1alar que los trabajadores sindicalizados se concentraron frente a Telmex, en el costado del Palacio de Gobierno en espera de los acuerdos de la asamblea que se realizar\u00e1 por la tarde de este mismo martes.<\/p>\n\n\n\n<figure class=\"wp-block-image size-large\"><img loading=\"lazy\" decoding=\"async\" width=\"1013\" height=\"416\" src=\"https:\/\/encuentroinformativo.com.mx\/wp-content\/uploads\/2022\/07\/DC229079-E198-48CF-8215-9BFC09D5D401.jpeg\" alt=\"\" class=\"wp-image-29546\" srcset=\"https:\/\/encuentroinformativo.com.mx\/wp-content\/uploads\/2022\/07\/DC229079-E198-48CF-8215-9BFC09D5D401.jpeg 1013w, https:\/\/encuentroinformativo.com.mx\/wp-content\/uploads\/2022\/07\/DC229079-E198-48CF-8215-9BFC09D5D401-300x123.jpeg 300w, https:\/\/encuentroinformativo.com.mx\/wp-content\/uploads\/2022\/07\/DC229079-E198-48CF-8215-9BFC09D5D401-768x315.jpeg 768w\" sizes=\"auto, (max-width: 1013px) 100vw, 1013px\" \/><\/figure>\n","protected":false},"excerpt":{"rendered":"<p>Dar\u00edo Pale Xalapa, Ver.- Los trabajadores de Tel\u00e9fonos de M\u00e9xico (TELMEX) hacen paro de brazos ca\u00eddos; advierten que la huelga se podr\u00eda dar para el pr\u00f3ximo jueves, as\u00ed lo se\u00f1al\u00f3 Mar\u00eda Elena Ortega Rivera, secretaria de Jubilados. Entrevistada durante la manifestaci\u00f3n argument\u00f3 violaciones a su contrato colectivo de trabajo, la falta de cobertura de vacantes [&hellip;]<\/p>\n","protected":false},"author":1,"featured_media":29545,"comment_status":"open","ping_status":"open","sticky":false,"template":"","format":"standard","meta":{"_jetpack_memberships_contains_paid_content":false,"footnotes":""},"categories":[3],"tags":[],"class_list":["post-29544","post","type-post","status-publish","format-standard","has-post-thumbnail","hentry","category-xalapa"],"jetpack_featured_media_url":"https:\/\/encuentroinformativo.com.mx\/wp-content\/uploads\/2022\/07\/D6FDDEA6-749A-4547-A9AA-34E8A748D5C4.jpeg","jetpack_sharing_enabled":true,"jetpack_likes_enabled":true,"amp_enabled":true,"_links":{"self":[{"href":"https:\/\/encuentroinformativo.com.mx\/index.php?rest_route=\/wp\/v2\/posts\/29544","targetHints":{"allow":["GET"]}}],"collection":[{"href":"https:\/\/encuentroinformativo.com.mx\/index.php?rest_route=\/wp\/v2\/posts"}],"about":[{"href":"https:\/\/encuentroinformativo.com.mx\/index.php?rest_route=\/wp\/v2\/types\/post"}],"author":[{"embeddable":true,"href":"https:\/\/encuentroinformativo.com.mx\/index.php?rest_route=\/wp\/v2\/users\/1"}],"replies":[{"embeddable":true,"href":"https:\/\/encuentroinformativo.com.mx\/index.php?rest_route=%2Fwp%2Fv2%2Fcomments&post=29544"}],"version-history":[{"count":1,"href":"https:\/\/encuentroinformativo.com.mx\/index.php?rest_route=\/wp\/v2\/posts\/29544\/revisions"}],"predecessor-version":[{"id":29547,"href":"https:\/\/encuentroinformativo.com.mx\/index.php?rest_route=\/wp\/v2\/posts\/29544\/revisions\/29547"}],"wp:featuredmedia":[{"embeddable":true,"href":"https:\/\/encuentroinformativo.com.mx\/index.php?rest_route=\/wp\/v2\/media\/29545"}],"wp:attachment":[{"href":"https:\/\/encuentroinformativo.com.mx\/index.php?rest_route=%2Fwp%2Fv2%2Fmedia&parent=29544"}],"wp:term":[{"taxonomy":"category","embeddable":true,"href":"https:\/\/encuentroinformativo.com.mx\/index.php?rest_route=%2Fwp%2Fv2%2Fcategories&post=29544"},{"taxonomy":"post_tag","embeddable":true,"href":"https:\/\/encuentroinformativo.com.mx\/index.php?rest_route=%2Fwp%2Fv2%2Ftags&post=29544"}],"curies":[{"name":"wp","href":"https:\/\/api.w.org\/{rel}","templated":true}]}}