{"id":29548,"date":"2022-07-19T11:14:53","date_gmt":"2022-07-19T16:14:53","guid":{"rendered":"https:\/\/encuentroinformativo.com.mx\/?p=29548"},"modified":"2022-07-19T11:14:57","modified_gmt":"2022-07-19T16:14:57","slug":"apoyara-ayuntamiento-a-escuelas-saqueadas-en-pandemia","status":"publish","type":"post","link":"https:\/\/encuentroinformativo.com.mx\/?p=29548","title":{"rendered":"Apoyar\u00e1 Ayuntamiento a escuelas saqueadas en pandemia"},"content":{"rendered":"\n<p><strong>Alejandro \u00c1vila<\/strong><\/p>\n\n\n\n<p>Veracruz, Ver.- Un monto inicial de 25 millones de pesos ser\u00e1 destinado por el Ayuntamiento de Veracruz a las escuelas que sufrieron saqueos durante la \u00e9poca de pandemia, dijo en entrevista a la alcaldesa, Patricia Lobeira Rodr\u00edguez.<\/p>\n\n\n\n<p>La panista dijo que, al momento han atendido 17 primarias, aunque en el resto de escuelas a las que brindaran apoyo comenzar\u00e1n los trabajos a partir del mes de agosto, pues durante estos \u00faltimos d\u00edas de julio se encuentran haciendo el diagn\u00f3stico de necesidades.<\/p>\n\n\n\n<p>&#8220;En algunas tenemos reporte de falta de cableado, no han podido regresar a clases por el tema el\u00e9ctrico o por temas de agua, vamos a ir a hacer el diagn\u00f3stico en cada una de ellas, poder apoyarlas para que regresen a clases, si tienen alg\u00fan tema en los salones, de hecho ya nosotros empezamos con algunas escuelas en la zona rural, ya estamos por ejemplo impermeabilizando salones, estamos haciendo unos chapeos, vamos a empezar este programa a partir de agosto, porque queremos que sea lo m\u00e1s cercano a cuando los ni\u00f1os entren a clases&#8221;, apunt\u00f3.<\/p>\n\n\n\n<p>Patricia Lobeira coment\u00f3 que, en pr\u00f3ximas fechas, presentar\u00e1n una estrategia en las Mesas de Seguridad, para que con el apoyo de la Polic\u00eda Naval, Secretar\u00eda de Seguridad P\u00fablica (SSP) y Secretar\u00eda de Educaci\u00f3n de Veracruz (SEV), logren la coordinaci\u00f3n necesaria para evitar m\u00e1s saqueos en los planteles educativos, sobre todo en aquellos que han sufrido hurtos en reiteradas ocasiones.<\/p>\n\n\n\n<p>&#8220;Una vez que termine el ciclo, el ciclo termina el 28 de julio, ya estar\u00edamos viendo lo de la Mesa de Seguridad, para que se refuerce pues la seguridad en las zonas donde se han visto m\u00e1s afectadas las escuelas, y que las fuerzas del orden puedan participar tanto con la SEV y con nuestra administraci\u00f3n municipal&#8221;, culmin\u00f3.<\/p>\n","protected":false},"excerpt":{"rendered":"<p>Alejandro \u00c1vila Veracruz, Ver.- Un monto inicial de 25 millones de pesos ser\u00e1 destinado por el Ayuntamiento de Veracruz a las escuelas que sufrieron saqueos durante la \u00e9poca de pandemia, dijo en entrevista a la alcaldesa, Patricia Lobeira Rodr\u00edguez. La panista dijo que, al momento han atendido 17 primarias, aunque en el resto de escuelas [&hellip;]<\/p>\n","protected":false},"author":1,"featured_media":29549,"comment_status":"open","ping_status":"open","sticky":false,"template":"","format":"standard","meta":{"_jetpack_memberships_contains_paid_content":false,"footnotes":""},"categories":[2],"tags":[],"class_list":["post-29548","post","type-post","status-publish","format-standard","has-post-thumbnail","hentry","category-estado"],"jetpack_featured_media_url":"https:\/\/encuentroinformativo.com.mx\/wp-content\/uploads\/2022\/07\/FFB89B49-C034-415B-B971-B94FBA1999BD.jpeg","jetpack_sharing_enabled":true,"jetpack_likes_enabled":true,"amp_enabled":true,"_links":{"self":[{"href":"https:\/\/encuentroinformativo.com.mx\/index.php?rest_route=\/wp\/v2\/posts\/29548","targetHints":{"allow":["GET"]}}],"collection":[{"href":"https:\/\/encuentroinformativo.com.mx\/index.php?rest_route=\/wp\/v2\/posts"}],"about":[{"href":"https:\/\/encuentroinformativo.com.mx\/index.php?rest_route=\/wp\/v2\/types\/post"}],"author":[{"embeddable":true,"href":"https:\/\/encuentroinformativo.com.mx\/index.php?rest_route=\/wp\/v2\/users\/1"}],"replies":[{"embeddable":true,"href":"https:\/\/encuentroinformativo.com.mx\/index.php?rest_route=%2Fwp%2Fv2%2Fcomments&post=29548"}],"version-history":[{"count":1,"href":"https:\/\/encuentroinformativo.com.mx\/index.php?rest_route=\/wp\/v2\/posts\/29548\/revisions"}],"predecessor-version":[{"id":29550,"href":"https:\/\/encuentroinformativo.com.mx\/index.php?rest_route=\/wp\/v2\/posts\/29548\/revisions\/29550"}],"wp:featuredmedia":[{"embeddable":true,"href":"https:\/\/encuentroinformativo.com.mx\/index.php?rest_route=\/wp\/v2\/media\/29549"}],"wp:attachment":[{"href":"https:\/\/encuentroinformativo.com.mx\/index.php?rest_route=%2Fwp%2Fv2%2Fmedia&parent=29548"}],"wp:term":[{"taxonomy":"category","embeddable":true,"href":"https:\/\/encuentroinformativo.com.mx\/index.php?rest_route=%2Fwp%2Fv2%2Fcategories&post=29548"},{"taxonomy":"post_tag","embeddable":true,"href":"https:\/\/encuentroinformativo.com.mx\/index.php?rest_route=%2Fwp%2Fv2%2Ftags&post=29548"}],"curies":[{"name":"wp","href":"https:\/\/api.w.org\/{rel}","templated":true}]}}