{"id":29551,"date":"2022-07-19T12:08:33","date_gmt":"2022-07-19T17:08:33","guid":{"rendered":"https:\/\/encuentroinformativo.com.mx\/?p=29551"},"modified":"2022-07-19T12:08:36","modified_gmt":"2022-07-19T17:08:36","slug":"obra-de-sedatu-afecto-a-escuela-en-veracruz-puerto","status":"publish","type":"post","link":"https:\/\/encuentroinformativo.com.mx\/?p=29551","title":{"rendered":"Obra de SEDATU afect\u00f3 a escuela en Veracruz puerto"},"content":{"rendered":"\n<p><strong>Alejandro \u00c1vila<\/strong><\/p>\n\n\n\n<p>Veracruz, Ver.- La construcci\u00f3n del \u00c1gora en la colonia Amapolas del municipio de Veracruz, misma que realiz\u00f3 la Secretar\u00eda de Desarrollo Agrario, Territorial y Urbano (SEDATU), dej\u00f3 con severas afectaciones a la escuela &#8220;H\u00e9roes del 21 de abril&#8221;, y a pesar del reclamo de padres de familia y alumnos, han sido ignorados por las dependencias federales.<\/p>\n\n\n\n<p>El director de la primaria, Mart\u00edn L\u00f3pez record\u00f3 que, hace 2 a\u00f1os se construy\u00f3 M\u00f3dulo Deportivo y el \u00c1gora a un costado de su plantel educativo, al t\u00e9rmino de las obras, parte de su barda perimetral qued\u00f3 afectada, al igual qu\u00e9 es su drenaje.<\/p>\n\n\n\n<p>&#8220;El problema est\u00e1 en que en a\u00f1os pasados hicieron la obra del \u00c1gora, clavado a un costado de la escuela, y quedaron las obras inconclusas, cosas que ponen en riesgo nuestra poblaci\u00f3n infantil (\u2026) nos dejaron una barda de m\u00e1s de 40 metros ladeada, nos echaron a perder unas l\u00e1minas, nos taparon la salida de agua del drenaje, entonces pues realmente hemos estado constantemente insistiendo ante las autoridades competentes y correspondientes, pero lamentablemente no ha aterrizado est\u00e1 solicitud&#8221;, mencion\u00f3.<\/p>\n\n\n\n<p>Por esta situaci\u00f3n, m\u00e1s de 300 ni\u00f1os que conforman la matr\u00edcula del plantel educativo, se encuentran en riesgo todos los d\u00edas.<\/p>\n\n\n\n<p>&#8220;No nos da respuesta (SEDATU) en cuesti\u00f3n de la barda que nos fracturaron, y aparte de eso las l\u00e1minas y otro tipo de cosas, c\u00f3mo la salida de agua, ahora se nos encharca el agua en la escuela, en lo que es la cancha, ha tardado d\u00edas, ha sido limoso y ha habido accidentes, y ahorita eso es lo que estamos pidiendo&#8221;, mencion\u00f3 Damaris Sugey P\u00e9rez Sandoval, Tesorera de la Asociaci\u00f3n de Padres de Familia.<\/p>\n\n\n\n<p>Los quejosos se\u00f1alan que han tenido varias reuniones con SEDATU, d\u00f3nde han entregado varias minutas, sin embargo ninguna de ellas ha sido tomadas en cuenta, y la problem\u00e1tica contin\u00faa.<\/p>\n","protected":false},"excerpt":{"rendered":"<p>Alejandro \u00c1vila Veracruz, Ver.- La construcci\u00f3n del \u00c1gora en la colonia Amapolas del municipio de Veracruz, misma que realiz\u00f3 la Secretar\u00eda de Desarrollo Agrario, Territorial y Urbano (SEDATU), dej\u00f3 con severas afectaciones a la escuela &#8220;H\u00e9roes del 21 de abril&#8221;, y a pesar del reclamo de padres de familia y alumnos, han sido ignorados por [&hellip;]<\/p>\n","protected":false},"author":1,"featured_media":29552,"comment_status":"open","ping_status":"open","sticky":false,"template":"","format":"standard","meta":{"_jetpack_memberships_contains_paid_content":false,"footnotes":""},"categories":[2],"tags":[],"class_list":["post-29551","post","type-post","status-publish","format-standard","has-post-thumbnail","hentry","category-estado"],"jetpack_featured_media_url":"https:\/\/encuentroinformativo.com.mx\/wp-content\/uploads\/2022\/07\/C1D0E007-E241-4E68-BCEB-8740809AAFF0.jpeg","jetpack_sharing_enabled":true,"jetpack_likes_enabled":true,"amp_enabled":true,"_links":{"self":[{"href":"https:\/\/encuentroinformativo.com.mx\/index.php?rest_route=\/wp\/v2\/posts\/29551","targetHints":{"allow":["GET"]}}],"collection":[{"href":"https:\/\/encuentroinformativo.com.mx\/index.php?rest_route=\/wp\/v2\/posts"}],"about":[{"href":"https:\/\/encuentroinformativo.com.mx\/index.php?rest_route=\/wp\/v2\/types\/post"}],"author":[{"embeddable":true,"href":"https:\/\/encuentroinformativo.com.mx\/index.php?rest_route=\/wp\/v2\/users\/1"}],"replies":[{"embeddable":true,"href":"https:\/\/encuentroinformativo.com.mx\/index.php?rest_route=%2Fwp%2Fv2%2Fcomments&post=29551"}],"version-history":[{"count":1,"href":"https:\/\/encuentroinformativo.com.mx\/index.php?rest_route=\/wp\/v2\/posts\/29551\/revisions"}],"predecessor-version":[{"id":29553,"href":"https:\/\/encuentroinformativo.com.mx\/index.php?rest_route=\/wp\/v2\/posts\/29551\/revisions\/29553"}],"wp:featuredmedia":[{"embeddable":true,"href":"https:\/\/encuentroinformativo.com.mx\/index.php?rest_route=\/wp\/v2\/media\/29552"}],"wp:attachment":[{"href":"https:\/\/encuentroinformativo.com.mx\/index.php?rest_route=%2Fwp%2Fv2%2Fmedia&parent=29551"}],"wp:term":[{"taxonomy":"category","embeddable":true,"href":"https:\/\/encuentroinformativo.com.mx\/index.php?rest_route=%2Fwp%2Fv2%2Fcategories&post=29551"},{"taxonomy":"post_tag","embeddable":true,"href":"https:\/\/encuentroinformativo.com.mx\/index.php?rest_route=%2Fwp%2Fv2%2Ftags&post=29551"}],"curies":[{"name":"wp","href":"https:\/\/api.w.org\/{rel}","templated":true}]}}