{"id":29564,"date":"2022-07-19T13:56:14","date_gmt":"2022-07-19T18:56:14","guid":{"rendered":"https:\/\/encuentroinformativo.com.mx\/?p=29564"},"modified":"2022-07-19T13:56:18","modified_gmt":"2022-07-19T18:56:18","slug":"invitan-a-fiesta-patronal-en-yecuatla","status":"publish","type":"post","link":"https:\/\/encuentroinformativo.com.mx\/?p=29564","title":{"rendered":"Invitan a Fiesta Patronal en Yecuatla"},"content":{"rendered":"\n<p><strong>Dar\u00edo Pale<\/strong><\/p>\n\n\n\n<p>Xalapa, Ver.- Edgar Jim\u00e9nez P\u00e9rez presidente municipal de Yecuatla, invit\u00f3 a la ciudadan\u00eda para que asista al municipio a celebrar las fiestas patronales de La Asunci\u00f3n de nuestra Se\u00f1ora que se realizar\u00e1n del 15 al 21 de agosto donde habr\u00e1 diferente eventos.<\/p>\n\n\n\n<p>En entrevista invit\u00f3 a la ciudadan\u00eda a las fiestas patronales en honor a la Asunci\u00f3n de Nuestra Se\u00f1ora las cuales inician el d\u00eda 15 de agosto y concluyen el 21, donde se realizar\u00e1n eventos deportivos al igual que los religiosos.<\/p>\n\n\n\n<p>Realizar\u00e1n una cabalgata, carreras de caballos, al igual que realizan un baile popular donde se presentar\u00e1 la banda de Edwin Luna y La Trakalosa de Monterrey el d\u00eda 20 de agosto, adem\u00e1s de Los Socios del Ritmo.<\/p>\n\n\n\n<p>Habr\u00e1 mucha seguridad ya que contar\u00e1n con el apoyo de gobierno del estado al igual que los municipios vecinos para que las fiestas se lleven a cabo en paz y puedan acudir en familia.<\/p>\n\n\n\n<p>Tambi\u00e9n se realizar\u00e1n eventos en el teatro del pueblo los cuales a\u00fan est\u00e1n detallando algunos artistas y donde se presentar\u00e1n algunos ballet, adem\u00e1s de que se realizar\u00e1n eventos deportivos como carreras y torneos.<\/p>\n\n\n\n<p>Est\u00e1n por realizar una nueva carrera donde esperan recibir a corredores de toda la rep\u00fablica donde habr\u00e1 grandes premios para los concursantes, esta se realizar\u00e1 el 21 de agosto, pero ya hay deportistas que se han anotado de otros estados, ser\u00e1 categor\u00eda libre regional y estatal.<\/p>\n\n\n\n<p>Finamente coment\u00f3 que con estas actividades esperan reactivar nuevamente el municipio ya que la pandemia afect\u00f3 a todos los municipios pero principalmente a los que tienen atractivos tur\u00edsticos ya que baj\u00f3 mucho el turismo. \u00a0\u00a0<\/p>\n","protected":false},"excerpt":{"rendered":"<p>Dar\u00edo Pale Xalapa, Ver.- Edgar Jim\u00e9nez P\u00e9rez presidente municipal de Yecuatla, invit\u00f3 a la ciudadan\u00eda para que asista al municipio a celebrar las fiestas patronales de La Asunci\u00f3n de nuestra Se\u00f1ora que se realizar\u00e1n del 15 al 21 de agosto donde habr\u00e1 diferente eventos. En entrevista invit\u00f3 a la ciudadan\u00eda a las fiestas patronales en [&hellip;]<\/p>\n","protected":false},"author":1,"featured_media":29565,"comment_status":"open","ping_status":"open","sticky":false,"template":"","format":"standard","meta":{"_jetpack_memberships_contains_paid_content":false,"footnotes":""},"categories":[2],"tags":[],"class_list":["post-29564","post","type-post","status-publish","format-standard","has-post-thumbnail","hentry","category-estado"],"jetpack_featured_media_url":"https:\/\/encuentroinformativo.com.mx\/wp-content\/uploads\/2022\/07\/4214320F-6770-4C2F-ACDC-25BEBA03CD4F.jpeg","jetpack_sharing_enabled":true,"jetpack_likes_enabled":true,"amp_enabled":true,"_links":{"self":[{"href":"https:\/\/encuentroinformativo.com.mx\/index.php?rest_route=\/wp\/v2\/posts\/29564","targetHints":{"allow":["GET"]}}],"collection":[{"href":"https:\/\/encuentroinformativo.com.mx\/index.php?rest_route=\/wp\/v2\/posts"}],"about":[{"href":"https:\/\/encuentroinformativo.com.mx\/index.php?rest_route=\/wp\/v2\/types\/post"}],"author":[{"embeddable":true,"href":"https:\/\/encuentroinformativo.com.mx\/index.php?rest_route=\/wp\/v2\/users\/1"}],"replies":[{"embeddable":true,"href":"https:\/\/encuentroinformativo.com.mx\/index.php?rest_route=%2Fwp%2Fv2%2Fcomments&post=29564"}],"version-history":[{"count":1,"href":"https:\/\/encuentroinformativo.com.mx\/index.php?rest_route=\/wp\/v2\/posts\/29564\/revisions"}],"predecessor-version":[{"id":29566,"href":"https:\/\/encuentroinformativo.com.mx\/index.php?rest_route=\/wp\/v2\/posts\/29564\/revisions\/29566"}],"wp:featuredmedia":[{"embeddable":true,"href":"https:\/\/encuentroinformativo.com.mx\/index.php?rest_route=\/wp\/v2\/media\/29565"}],"wp:attachment":[{"href":"https:\/\/encuentroinformativo.com.mx\/index.php?rest_route=%2Fwp%2Fv2%2Fmedia&parent=29564"}],"wp:term":[{"taxonomy":"category","embeddable":true,"href":"https:\/\/encuentroinformativo.com.mx\/index.php?rest_route=%2Fwp%2Fv2%2Fcategories&post=29564"},{"taxonomy":"post_tag","embeddable":true,"href":"https:\/\/encuentroinformativo.com.mx\/index.php?rest_route=%2Fwp%2Fv2%2Ftags&post=29564"}],"curies":[{"name":"wp","href":"https:\/\/api.w.org\/{rel}","templated":true}]}}