{"id":29568,"date":"2022-07-19T15:04:02","date_gmt":"2022-07-19T20:04:02","guid":{"rendered":"https:\/\/encuentroinformativo.com.mx\/?p=29568"},"modified":"2022-07-19T15:04:05","modified_gmt":"2022-07-19T20:04:05","slug":"convoca-frena-a-marcha-por-la-paz","status":"publish","type":"post","link":"https:\/\/encuentroinformativo.com.mx\/?p=29568","title":{"rendered":"Convoca FRENA a marcha por la paz"},"content":{"rendered":"\n<p><strong>Dar\u00edo Pale <\/strong><\/p>\n\n\n\n<p>Xalapa, Ver.- Nilda Ria\u00f1o Rodr\u00edguez, representante del Frente Nacional AntiAMLO (FRENA), convocaron a una marcha por la paz y la seguridad del pa\u00eds, ya que actualmente esta en un ba\u00f1o de sangre.<\/p>\n\n\n\n<p>En conferencia de prensa, detall\u00f3 que la marcha ser\u00e1 este domingo 24 a las 10 de la ma\u00f1ana, iniciar\u00e1 afuera de la parroquia de San Jos\u00e9 y concluir\u00e1 en la plaza Lerdo.<br>Donde esperan que se re\u00fanan ciudadanos sin siglas partidistas, porque de lo que se trata es reclamar seguridad y que dejen de haber homicidios y secuestros.<\/p>\n\n\n\n<p>&#8220;El pa\u00eds est\u00e1 ba\u00f1ado en sangre, tenemos asesinatos todos los d\u00edas, tenemos masacres un d\u00eda s\u00ed y al otro tambi\u00e9n en todo el pa\u00eds, pero estamos as\u00ed porque como ciudadanos hemos permitido que el Gobierno no haga nada, al contrario, estamos cansados de los abrazos&#8221;, se\u00f1al\u00f3.<\/p>\n\n\n\n<p>Recalc\u00f3 que M\u00e9xico no necesita m\u00e1s abrazos sino ley y orden, por ello, insisti\u00f3 en que los ciudadanos son los que deben sacar adelante al pa\u00eds y no confiar ni en los partidos ni en las pol\u00edticas de Estados Unidos para disminuir la violencia.<\/p>\n\n\n\n<p>Por \u00faltimo record\u00f3 que la marcha se har\u00e1 de manera simult\u00e1nea en diversas ciudades del pa\u00eds, en donde est\u00e1n invitados todos aquellos fieles de la iglesia cat\u00f3lica y de otras religiones, ello debido a que fueron asesinados dos sacerdotes en Chihuahua, as\u00ed como del Frente Nacional por la Familia.<\/p>\n","protected":false},"excerpt":{"rendered":"<p>Dar\u00edo Pale Xalapa, Ver.- Nilda Ria\u00f1o Rodr\u00edguez, representante del Frente Nacional AntiAMLO (FRENA), convocaron a una marcha por la paz y la seguridad del pa\u00eds, ya que actualmente esta en un ba\u00f1o de sangre. En conferencia de prensa, detall\u00f3 que la marcha ser\u00e1 este domingo 24 a las 10 de la ma\u00f1ana, iniciar\u00e1 afuera de [&hellip;]<\/p>\n","protected":false},"author":1,"featured_media":29569,"comment_status":"open","ping_status":"open","sticky":false,"template":"","format":"standard","meta":{"_jetpack_memberships_contains_paid_content":false,"footnotes":""},"categories":[2],"tags":[],"class_list":["post-29568","post","type-post","status-publish","format-standard","has-post-thumbnail","hentry","category-estado"],"jetpack_featured_media_url":"https:\/\/encuentroinformativo.com.mx\/wp-content\/uploads\/2022\/07\/7C014357-9614-461C-AC79-1667A4CC220A.jpeg","jetpack_sharing_enabled":true,"jetpack_likes_enabled":true,"amp_enabled":true,"_links":{"self":[{"href":"https:\/\/encuentroinformativo.com.mx\/index.php?rest_route=\/wp\/v2\/posts\/29568","targetHints":{"allow":["GET"]}}],"collection":[{"href":"https:\/\/encuentroinformativo.com.mx\/index.php?rest_route=\/wp\/v2\/posts"}],"about":[{"href":"https:\/\/encuentroinformativo.com.mx\/index.php?rest_route=\/wp\/v2\/types\/post"}],"author":[{"embeddable":true,"href":"https:\/\/encuentroinformativo.com.mx\/index.php?rest_route=\/wp\/v2\/users\/1"}],"replies":[{"embeddable":true,"href":"https:\/\/encuentroinformativo.com.mx\/index.php?rest_route=%2Fwp%2Fv2%2Fcomments&post=29568"}],"version-history":[{"count":1,"href":"https:\/\/encuentroinformativo.com.mx\/index.php?rest_route=\/wp\/v2\/posts\/29568\/revisions"}],"predecessor-version":[{"id":29570,"href":"https:\/\/encuentroinformativo.com.mx\/index.php?rest_route=\/wp\/v2\/posts\/29568\/revisions\/29570"}],"wp:featuredmedia":[{"embeddable":true,"href":"https:\/\/encuentroinformativo.com.mx\/index.php?rest_route=\/wp\/v2\/media\/29569"}],"wp:attachment":[{"href":"https:\/\/encuentroinformativo.com.mx\/index.php?rest_route=%2Fwp%2Fv2%2Fmedia&parent=29568"}],"wp:term":[{"taxonomy":"category","embeddable":true,"href":"https:\/\/encuentroinformativo.com.mx\/index.php?rest_route=%2Fwp%2Fv2%2Fcategories&post=29568"},{"taxonomy":"post_tag","embeddable":true,"href":"https:\/\/encuentroinformativo.com.mx\/index.php?rest_route=%2Fwp%2Fv2%2Ftags&post=29568"}],"curies":[{"name":"wp","href":"https:\/\/api.w.org\/{rel}","templated":true}]}}