{"id":2957,"date":"2020-06-01T12:14:08","date_gmt":"2020-06-01T17:14:08","guid":{"rendered":"https:\/\/encuentroinformativo.com\/?p=2957"},"modified":"2020-06-01T12:14:10","modified_gmt":"2020-06-01T17:14:10","slug":"el-convoy-de-la-renuncia","status":"publish","type":"post","link":"https:\/\/encuentroinformativo.com.mx\/?p=2957","title":{"rendered":"El convoy de la renuncia"},"content":{"rendered":"\n<p><strong>Los Pol\u00edticos<\/strong><\/p>\n\n\n\n<p><strong>Salvador Mu\u00f1oz<\/strong><\/p>\n\n\n\n<p>Puedo considerarme un ciudadano que est\u00e1 en desacuerdo con las decisiones que el presidente de M\u00e9xico, Andr\u00e9s Manuel L\u00f3pez Obrador, ha tomado desde que inici\u00f3 su mandato\u2026 que cambio de aeropuerto, que venta de avi\u00f3n presidencial junto con su loter\u00eda, que construcci\u00f3n del tren maya junto con la refiner\u00eda de Dos Bocas, por citar lo m\u00e1s p\u00fablico.<\/p>\n\n\n\n<p>Hablar de la decisi\u00f3n de eliminar programas sociales mediante el cual el Gobierno ofrec\u00eda ayuda y servicios de calidad a grupos vulnerables, para privilegiar la entrega de dinero en lo que muchos consideran como incremento de pobreza, es otro de los puntos en los que estoy en desacuerdo\u2026<\/p>\n\n\n\n<p>Por cierto, hablando de pobreza, qu\u00e9 decir de la pobreza en su discurso que cada Ma\u00f1anera nos receta y que ha dado pauta a cantidad de cr\u00edticas aunque lo m\u00e1s cr\u00edtico es utilizar esta tribuna para atacar a sus \u201cenemigos\u201d, estigmatizar a empresarios, azuzar contra prensa, ofender a m\u00e9dicos, doctoras o la profesi\u00f3n que se le atraviese en el camino\u2026<\/p>\n\n\n\n<p>\u00a1Vamos! Desde mi punto de vista personal sin aras de enemistarme o causar empat\u00eda, puedo considerar que tengo un Mal Presidente, t\u00edtulo que le hab\u00eda endilgado a Ernesto Zedillo, quien pulveriz\u00f3 con el Error de Diciembre, mi aumento salarial pero dej\u00e1ndome la triplicaci\u00f3n de mi trabajo. S\u00ed, a diferencia de Zedillo, hasta el momento, puedo considerar que AMLO no se ha metido con mi bolsillo, como tampoco lo hicieron Pe\u00f1a, Calder\u00f3n o Fox\u2026<\/p>\n\n\n\n<p>El asunto es que lo veo ajeno a un pol\u00edtico, o peor a\u00fan, a un Presidente, y m\u00e1s cercano a un Predicador y me queda claro que a muchos de sus seguidores, les encanta el papel de Pastor que desempe\u00f1a L\u00f3pez Obrador\u2026<\/p>\n\n\n\n<p>En pocas palabras: Qu\u00e9 mal presidente tengo. Insisto. Es mi punto de vista personal\u2026 como tambi\u00e9n es muy personal la visi\u00f3n que tengo del convoy que se registr\u00f3 el pasado s\u00e1bado en distintos puntos del pa\u00eds y en Veracruz, siendo el principal en el Puerto jarocho, y por lo que vi en los carteles, hab\u00eda una demanda particular: la renuncia de L\u00f3pez Obrador al puesto que le confiri\u00f3 una mayor\u00eda hist\u00f3rica en el pa\u00eds.<\/p>\n\n\n\n<p>Trato de entender el convoy de protesta\u2026 trato de entender a cada uno de sus participantes\u2026 y la \u00fanica forma en que lo entiendo es como una manifestaci\u00f3n de la Libertad de Expresi\u00f3n en un pa\u00eds donde a\u00fan podemos decir lo que se nos pegue la gana\u2026 \u00a1hasta pedir la renuncia del Presidente que m\u00e1s votos ha llevado en las urnas en la historia de nuestro pa\u00eds!<\/p>\n\n\n\n<p>Ahora s\u00ed, cada quien mata pulgas como mejor le place y si bien, el Convoy de la Renuncia es una forma de hacerlo, igual no deja de exhibir un toque de polaridad en nuestro pa\u00eds, ya de por s\u00ed dividido por el mismo Presidente.<\/p>\n\n\n\n<p>Le dec\u00eda a un amigo que urge una &#8220;reconciliaci\u00f3n&#8221; en el pa\u00eds, entre los mexicanos, aunque para ello, el primero que tendr\u00eda que dar el primer paso ser\u00eda el Presidente&#8230; una &#8220;dimisi\u00f3n&#8221;, una &#8220;renuncia&#8221;, &#8220;algo&#8221; que separara a AMLO de la Presidencia generar\u00eda, creo, m\u00e1s polarizaci\u00f3n&#8230; quiz\u00e1s con tintes de violencia social\u2026<\/p>\n\n\n\n<p>El Convoy de la Renuncia parece m\u00e1s una flecha de un camino a seguir: una gota al vaso, una gota m\u00e1s al vaso camino al 2021, en estas elecciones intermedias. As\u00ed juega nuestra democracia, aderezada con alternancia, salpicada con oposici\u00f3n, pero con un ingrediente principal: gobernar con inteligencia, con pol\u00edtica, con di\u00e1logo, con acuerdos\u2026 pero mientras tengamos a un predicador en lugar de presidente, la reconciliaci\u00f3n est\u00e1 tan lejos como probable que haya m\u00e1s Convoys de Renuncia de quienes no votaron por AMLO, sin m\u00e1s efecto que el de ir impregnando poco a poco su malestar en una sociedad, buscando contrarrestar este 2021, el peso de 30 millones de personas que creyeron en \u00e9l\u2026<br><\/p>\n\n\n\n<p><a href=\"mailto:smcainito@gmail.com\" target=\"_blank\" rel=\"noreferrer noopener\">smcainito@gmail.com<\/a><\/p>\n","protected":false},"excerpt":{"rendered":"<p>Los Pol\u00edticos Salvador Mu\u00f1oz Puedo considerarme un ciudadano que est\u00e1 en desacuerdo con las decisiones que el presidente de M\u00e9xico, Andr\u00e9s Manuel L\u00f3pez Obrador, ha tomado desde que inici\u00f3 su mandato\u2026 que cambio de aeropuerto, que venta de avi\u00f3n presidencial junto con su loter\u00eda, que construcci\u00f3n del tren maya junto con la refiner\u00eda de Dos [&hellip;]<\/p>\n","protected":false},"author":1,"featured_media":387,"comment_status":"open","ping_status":"open","sticky":false,"template":"","format":"standard","meta":{"_jetpack_memberships_contains_paid_content":false,"footnotes":""},"categories":[11],"tags":[],"class_list":["post-2957","post","type-post","status-publish","format-standard","has-post-thumbnail","hentry","category-opinion"],"jetpack_featured_media_url":"https:\/\/encuentroinformativo.com.mx\/wp-content\/uploads\/2020\/03\/7CF8A22B-2764-47BE-8F7F-38FE9E5D6A2F.jpeg","jetpack_sharing_enabled":true,"jetpack_likes_enabled":true,"amp_enabled":true,"_links":{"self":[{"href":"https:\/\/encuentroinformativo.com.mx\/index.php?rest_route=\/wp\/v2\/posts\/2957","targetHints":{"allow":["GET"]}}],"collection":[{"href":"https:\/\/encuentroinformativo.com.mx\/index.php?rest_route=\/wp\/v2\/posts"}],"about":[{"href":"https:\/\/encuentroinformativo.com.mx\/index.php?rest_route=\/wp\/v2\/types\/post"}],"author":[{"embeddable":true,"href":"https:\/\/encuentroinformativo.com.mx\/index.php?rest_route=\/wp\/v2\/users\/1"}],"replies":[{"embeddable":true,"href":"https:\/\/encuentroinformativo.com.mx\/index.php?rest_route=%2Fwp%2Fv2%2Fcomments&post=2957"}],"version-history":[{"count":1,"href":"https:\/\/encuentroinformativo.com.mx\/index.php?rest_route=\/wp\/v2\/posts\/2957\/revisions"}],"predecessor-version":[{"id":2958,"href":"https:\/\/encuentroinformativo.com.mx\/index.php?rest_route=\/wp\/v2\/posts\/2957\/revisions\/2958"}],"wp:featuredmedia":[{"embeddable":true,"href":"https:\/\/encuentroinformativo.com.mx\/index.php?rest_route=\/wp\/v2\/media\/387"}],"wp:attachment":[{"href":"https:\/\/encuentroinformativo.com.mx\/index.php?rest_route=%2Fwp%2Fv2%2Fmedia&parent=2957"}],"wp:term":[{"taxonomy":"category","embeddable":true,"href":"https:\/\/encuentroinformativo.com.mx\/index.php?rest_route=%2Fwp%2Fv2%2Fcategories&post=2957"},{"taxonomy":"post_tag","embeddable":true,"href":"https:\/\/encuentroinformativo.com.mx\/index.php?rest_route=%2Fwp%2Fv2%2Ftags&post=2957"}],"curies":[{"name":"wp","href":"https:\/\/api.w.org\/{rel}","templated":true}]}}