{"id":29571,"date":"2022-07-19T15:09:20","date_gmt":"2022-07-19T20:09:20","guid":{"rendered":"https:\/\/encuentroinformativo.com.mx\/?p=29571"},"modified":"2022-07-19T15:09:24","modified_gmt":"2022-07-19T20:09:24","slug":"xico-se-viste-de-color-con-tapetes-de-aserrin","status":"publish","type":"post","link":"https:\/\/encuentroinformativo.com.mx\/?p=29571","title":{"rendered":"Xico se viste de color con tapetes de aserr\u00edn"},"content":{"rendered":"\n<p><strong>Juan Arcos <\/strong><\/p>\n\n\n\n<p>Xico, Ver.- Artesanos retomaron la elaboraci\u00f3n de los coloridos tapetes de aserr\u00edn en honor a Santa Mar\u00eda Magdalena durante la fiesta patronal del municipio de Xico, tras la suspensi\u00f3n de esta actividad por la pandemia de Sars-Cov2 (Covid-19).<\/p>\n\n\n\n<p>A las seis de la ma\u00f1ana de este martes 19 de julio, las personas iniciaron los preparativos para adornar la calle Miguel Hidalgo que conduce a la iglesia de este Pueblo M\u00e1gico.<\/p>\n\n\n\n<p>De acuerdo con Jos\u00e9 Roberto Tepo Yoval, integrante del grupo \u201cXicochimalco\u201d, la actividad se hab\u00eda cancelado durante dos a\u00f1os consecutivos para evitar aglomeraciones y contagios de coronavirus.<\/p>\n\n\n\n<p>El entrevistado mencion\u00f3 que los tapetes se colocan en casi toda la avenida principal como una ofrenda a la Santa Patrona.<\/p>\n\n\n\n<p>Tambi\u00e9n coment\u00f3 que se han elaborado estos tapetes artesanales desde hace 30 a\u00f1os en Xico, este Pueblo M\u00e1gico ubicado a unos 22 kil\u00f3metros de la ciudad de Xalapa.<\/p>\n\n\n\n<p>\u201cDesde hace dos a\u00f1os no se hab\u00eda hecho nada por la pandemia, pero ahora s\u00ed lo estamos haciendo. Cada a\u00f1o estamos cambiando dibujos. Se han hecho secuencias de toreros, de la fiesta de la patrona, payasos\u201d, expres\u00f3.<\/p>\n\n\n\n<p>El aserr\u00edn es tra\u00eddo de los municipios de Perote, Las Vigas y Acajete, y pintado con materiales que son trasladados desde la Ciudad de M\u00e9xico.<\/p>\n\n\n\n<p>Los artesanos utilizan plantillas con distintas formas y posteriormente colocan el aserr\u00edn de colores. Se observan cruces, im\u00e1genes del Esp\u00edritu Santo, cirios y dem\u00e1s art\u00edculos religiosos.<\/p>\n\n\n\n<p>Usan al menos 40 bultos de aserr\u00edn por cada uno de los 20 grupo de artesanos que elaboran los tapetes sobre la arteria vehicular.<\/p>\n\n\n\n<p>Los pobladores se preparan para realizar una procesi\u00f3n a las 21:00 horas, donde sostienen el dosel con la imagen de Santa Mar\u00eda Magdalena y realizan un recorrido sobre los tapetes hasta llegar a la iglesia.<\/p>\n\n\n\n<figure class=\"wp-block-image size-large\"><img loading=\"lazy\" decoding=\"async\" width=\"1024\" height=\"576\" src=\"https:\/\/encuentroinformativo.com.mx\/wp-content\/uploads\/2022\/07\/F2C1C479-F182-469C-B60B-EC94B7BA828C-1024x576.jpeg\" alt=\"\" class=\"wp-image-29573\" srcset=\"https:\/\/encuentroinformativo.com.mx\/wp-content\/uploads\/2022\/07\/F2C1C479-F182-469C-B60B-EC94B7BA828C-1024x576.jpeg 1024w, https:\/\/encuentroinformativo.com.mx\/wp-content\/uploads\/2022\/07\/F2C1C479-F182-469C-B60B-EC94B7BA828C-300x169.jpeg 300w, https:\/\/encuentroinformativo.com.mx\/wp-content\/uploads\/2022\/07\/F2C1C479-F182-469C-B60B-EC94B7BA828C-768x432.jpeg 768w, https:\/\/encuentroinformativo.com.mx\/wp-content\/uploads\/2022\/07\/F2C1C479-F182-469C-B60B-EC94B7BA828C-1536x864.jpeg 1536w, https:\/\/encuentroinformativo.com.mx\/wp-content\/uploads\/2022\/07\/F2C1C479-F182-469C-B60B-EC94B7BA828C.jpeg 1760w\" sizes=\"auto, (max-width: 1024px) 100vw, 1024px\" \/><\/figure>\n","protected":false},"excerpt":{"rendered":"<p>Juan Arcos Xico, Ver.- Artesanos retomaron la elaboraci\u00f3n de los coloridos tapetes de aserr\u00edn en honor a Santa Mar\u00eda Magdalena durante la fiesta patronal del municipio de Xico, tras la suspensi\u00f3n de esta actividad por la pandemia de Sars-Cov2 (Covid-19). A las seis de la ma\u00f1ana de este martes 19 de julio, las personas iniciaron [&hellip;]<\/p>\n","protected":false},"author":1,"featured_media":29572,"comment_status":"open","ping_status":"open","sticky":false,"template":"","format":"standard","meta":{"_jetpack_memberships_contains_paid_content":false,"footnotes":""},"categories":[8],"tags":[],"class_list":["post-29571","post","type-post","status-publish","format-standard","has-post-thumbnail","hentry","category-region"],"jetpack_featured_media_url":"https:\/\/encuentroinformativo.com.mx\/wp-content\/uploads\/2022\/07\/D67D0F32-989E-445B-93B7-0E6B068B04AD.jpeg","jetpack_sharing_enabled":true,"jetpack_likes_enabled":true,"amp_enabled":true,"_links":{"self":[{"href":"https:\/\/encuentroinformativo.com.mx\/index.php?rest_route=\/wp\/v2\/posts\/29571","targetHints":{"allow":["GET"]}}],"collection":[{"href":"https:\/\/encuentroinformativo.com.mx\/index.php?rest_route=\/wp\/v2\/posts"}],"about":[{"href":"https:\/\/encuentroinformativo.com.mx\/index.php?rest_route=\/wp\/v2\/types\/post"}],"author":[{"embeddable":true,"href":"https:\/\/encuentroinformativo.com.mx\/index.php?rest_route=\/wp\/v2\/users\/1"}],"replies":[{"embeddable":true,"href":"https:\/\/encuentroinformativo.com.mx\/index.php?rest_route=%2Fwp%2Fv2%2Fcomments&post=29571"}],"version-history":[{"count":1,"href":"https:\/\/encuentroinformativo.com.mx\/index.php?rest_route=\/wp\/v2\/posts\/29571\/revisions"}],"predecessor-version":[{"id":29574,"href":"https:\/\/encuentroinformativo.com.mx\/index.php?rest_route=\/wp\/v2\/posts\/29571\/revisions\/29574"}],"wp:featuredmedia":[{"embeddable":true,"href":"https:\/\/encuentroinformativo.com.mx\/index.php?rest_route=\/wp\/v2\/media\/29572"}],"wp:attachment":[{"href":"https:\/\/encuentroinformativo.com.mx\/index.php?rest_route=%2Fwp%2Fv2%2Fmedia&parent=29571"}],"wp:term":[{"taxonomy":"category","embeddable":true,"href":"https:\/\/encuentroinformativo.com.mx\/index.php?rest_route=%2Fwp%2Fv2%2Fcategories&post=29571"},{"taxonomy":"post_tag","embeddable":true,"href":"https:\/\/encuentroinformativo.com.mx\/index.php?rest_route=%2Fwp%2Fv2%2Ftags&post=29571"}],"curies":[{"name":"wp","href":"https:\/\/api.w.org\/{rel}","templated":true}]}}