{"id":29579,"date":"2022-07-19T17:45:06","date_gmt":"2022-07-19T22:45:06","guid":{"rendered":"https:\/\/encuentroinformativo.com.mx\/?p=29579"},"modified":"2022-07-19T17:45:11","modified_gmt":"2022-07-19T22:45:11","slug":"ayuntamiento-e-iniciativa-privada-coordinan-esfuerzos-a-favor-de-imagen-urbana","status":"publish","type":"post","link":"https:\/\/encuentroinformativo.com.mx\/?p=29579","title":{"rendered":"Ayuntamiento e iniciativa privada coordinan esfuerzos a favor de imagen urbana"},"content":{"rendered":"\n<p>Xalapa, Ver.- Para contar con una imagen urbana y vialidades m\u00e1s modernas, el Ayuntamiento y la iniciativa privada acordaron trabajar en coordinaci\u00f3n durante los proyectos de rehabilitaci\u00f3n en distintos puntos de la ciudad, asegur\u00f3 el presidente municipal Ricardo Ahued Bardahuil.<\/p>\n\n\n\n<p>Durante una reuni\u00f3n de trabajo con personal de <em>Telmex<\/em>, se acord\u00f3 estrechar lazos con el fin de colaborar para la correcta introducci\u00f3n subterr\u00e1nea del cableado de telecomunicaciones en las obras que se desarrollan en las calles Francisco Javier Clavijero, Sayago, Rojano y Nogueira.<\/p>\n\n\n\n<p>Ante el representante de zona de la empresa, Jos\u00e9 Antonio D\u00edaz, se inform\u00f3 que se realizar\u00e1n las acciones necesarias para que la Direcci\u00f3n de Obras P\u00fablicas brinde las facilidades requeridas para trasladar las instalaciones de poster\u00eda a ductos subterr\u00e1neos incorporados a los proyectos de construcci\u00f3n.<\/p>\n\n\n\n<p>Asistieron el director de Participaci\u00f3n Ciudadana, Juan Mar\u00edn Viveros, funcionariado municipal y representantes de Telmex.<\/p>\n","protected":false},"excerpt":{"rendered":"<p>Xalapa, Ver.- Para contar con una imagen urbana y vialidades m\u00e1s modernas, el Ayuntamiento y la iniciativa privada acordaron trabajar en coordinaci\u00f3n durante los proyectos de rehabilitaci\u00f3n en distintos puntos de la ciudad, asegur\u00f3 el presidente municipal Ricardo Ahued Bardahuil. Durante una reuni\u00f3n de trabajo con personal de Telmex, se acord\u00f3 estrechar lazos con el [&hellip;]<\/p>\n","protected":false},"author":1,"featured_media":29580,"comment_status":"open","ping_status":"open","sticky":false,"template":"","format":"standard","meta":{"_jetpack_memberships_contains_paid_content":false,"footnotes":""},"categories":[3],"tags":[],"class_list":["post-29579","post","type-post","status-publish","format-standard","has-post-thumbnail","hentry","category-xalapa"],"jetpack_featured_media_url":"https:\/\/encuentroinformativo.com.mx\/wp-content\/uploads\/2022\/07\/4B31C99D-DE87-4577-B8ED-4EE7B6937424.jpeg","jetpack_sharing_enabled":true,"jetpack_likes_enabled":true,"amp_enabled":true,"_links":{"self":[{"href":"https:\/\/encuentroinformativo.com.mx\/index.php?rest_route=\/wp\/v2\/posts\/29579","targetHints":{"allow":["GET"]}}],"collection":[{"href":"https:\/\/encuentroinformativo.com.mx\/index.php?rest_route=\/wp\/v2\/posts"}],"about":[{"href":"https:\/\/encuentroinformativo.com.mx\/index.php?rest_route=\/wp\/v2\/types\/post"}],"author":[{"embeddable":true,"href":"https:\/\/encuentroinformativo.com.mx\/index.php?rest_route=\/wp\/v2\/users\/1"}],"replies":[{"embeddable":true,"href":"https:\/\/encuentroinformativo.com.mx\/index.php?rest_route=%2Fwp%2Fv2%2Fcomments&post=29579"}],"version-history":[{"count":1,"href":"https:\/\/encuentroinformativo.com.mx\/index.php?rest_route=\/wp\/v2\/posts\/29579\/revisions"}],"predecessor-version":[{"id":29581,"href":"https:\/\/encuentroinformativo.com.mx\/index.php?rest_route=\/wp\/v2\/posts\/29579\/revisions\/29581"}],"wp:featuredmedia":[{"embeddable":true,"href":"https:\/\/encuentroinformativo.com.mx\/index.php?rest_route=\/wp\/v2\/media\/29580"}],"wp:attachment":[{"href":"https:\/\/encuentroinformativo.com.mx\/index.php?rest_route=%2Fwp%2Fv2%2Fmedia&parent=29579"}],"wp:term":[{"taxonomy":"category","embeddable":true,"href":"https:\/\/encuentroinformativo.com.mx\/index.php?rest_route=%2Fwp%2Fv2%2Fcategories&post=29579"},{"taxonomy":"post_tag","embeddable":true,"href":"https:\/\/encuentroinformativo.com.mx\/index.php?rest_route=%2Fwp%2Fv2%2Ftags&post=29579"}],"curies":[{"name":"wp","href":"https:\/\/api.w.org\/{rel}","templated":true}]}}