{"id":29585,"date":"2022-07-19T17:59:38","date_gmt":"2022-07-19T22:59:38","guid":{"rendered":"https:\/\/encuentroinformativo.com.mx\/?p=29585"},"modified":"2022-07-19T17:59:41","modified_gmt":"2022-07-19T22:59:41","slug":"por-trabajos-de-la-cab-cierre-vial-en-el-bulevar-ruiz-cortines-y-juan-pablo-ii-de-boca-del-rio","status":"publish","type":"post","link":"https:\/\/encuentroinformativo.com.mx\/?p=29585","title":{"rendered":"Por trabajos de la CAB, cierre vial en el bulevar Ruiz Cortines y Juan Pablo II de Boca del R\u00edo"},"content":{"rendered":"\n<p><strong>*A partir de este martes 19 de julio y hasta el jueves 21.<\/strong><\/p>\n\n\n\n<p>Boca del R\u00edo, Ver.- El Ayuntamiento de Boca del R\u00edo informa que a partir de este martes 19 y hasta el jueves 21, debido a los trabajos que la Compa\u00f1\u00eda de Agua (CAB) se encuentra realizando en el Bulevar Adolfo Ruiz Cortines esquina con la Calzada Juan Pablo II, estar\u00e1 cerrado:<\/p>\n\n\n\n<ol class=\"wp-block-list\"><li>&#8211; El Bulevar Adolfo Ruiz Cortines de norte a sur, (de la avenida Reyes Heroles a la calzada Juan Pablo II).<\/li><\/ol>\n\n\n\n<p>2.- La calzada Juan Pablo II, (en el carril que va del Bulevar Adolfo Ruiz Cortines a Reyes Heroles).<\/p>\n\n\n\n<p>Los automovilistas pueden tomar como rutas alternas Reyes Heroles y Juan Pablo II as\u00ed como Reyes Heroles y Bulevar Manuel \u00c1vila Camacho para reincorporarse al Bulevar Ruiz Cortines v\u00eda Juan Pablo II.<\/p>\n\n\n\n<figure class=\"wp-block-image size-large\"><img loading=\"lazy\" decoding=\"async\" width=\"1024\" height=\"1024\" src=\"https:\/\/encuentroinformativo.com.mx\/wp-content\/uploads\/2022\/07\/32260AD7-2C63-4856-8161-58769E36A2E2-1024x1024.jpeg\" alt=\"\" class=\"wp-image-29586\" srcset=\"https:\/\/encuentroinformativo.com.mx\/wp-content\/uploads\/2022\/07\/32260AD7-2C63-4856-8161-58769E36A2E2-1024x1024.jpeg 1024w, https:\/\/encuentroinformativo.com.mx\/wp-content\/uploads\/2022\/07\/32260AD7-2C63-4856-8161-58769E36A2E2-300x300.jpeg 300w, https:\/\/encuentroinformativo.com.mx\/wp-content\/uploads\/2022\/07\/32260AD7-2C63-4856-8161-58769E36A2E2-150x150.jpeg 150w, https:\/\/encuentroinformativo.com.mx\/wp-content\/uploads\/2022\/07\/32260AD7-2C63-4856-8161-58769E36A2E2-768x768.jpeg 768w, https:\/\/encuentroinformativo.com.mx\/wp-content\/uploads\/2022\/07\/32260AD7-2C63-4856-8161-58769E36A2E2.jpeg 1280w\" sizes=\"auto, (max-width: 1024px) 100vw, 1024px\" \/><\/figure>\n","protected":false},"excerpt":{"rendered":"<p>*A partir de este martes 19 de julio y hasta el jueves 21. Boca del R\u00edo, Ver.- El Ayuntamiento de Boca del R\u00edo informa que a partir de este martes 19 y hasta el jueves 21, debido a los trabajos que la Compa\u00f1\u00eda de Agua (CAB) se encuentra realizando en el Bulevar Adolfo Ruiz Cortines [&hellip;]<\/p>\n","protected":false},"author":1,"featured_media":29586,"comment_status":"open","ping_status":"open","sticky":false,"template":"","format":"standard","meta":{"_jetpack_memberships_contains_paid_content":false,"footnotes":""},"categories":[2],"tags":[],"class_list":["post-29585","post","type-post","status-publish","format-standard","has-post-thumbnail","hentry","category-estado"],"jetpack_featured_media_url":"https:\/\/encuentroinformativo.com.mx\/wp-content\/uploads\/2022\/07\/32260AD7-2C63-4856-8161-58769E36A2E2.jpeg","jetpack_sharing_enabled":true,"jetpack_likes_enabled":true,"amp_enabled":true,"_links":{"self":[{"href":"https:\/\/encuentroinformativo.com.mx\/index.php?rest_route=\/wp\/v2\/posts\/29585","targetHints":{"allow":["GET"]}}],"collection":[{"href":"https:\/\/encuentroinformativo.com.mx\/index.php?rest_route=\/wp\/v2\/posts"}],"about":[{"href":"https:\/\/encuentroinformativo.com.mx\/index.php?rest_route=\/wp\/v2\/types\/post"}],"author":[{"embeddable":true,"href":"https:\/\/encuentroinformativo.com.mx\/index.php?rest_route=\/wp\/v2\/users\/1"}],"replies":[{"embeddable":true,"href":"https:\/\/encuentroinformativo.com.mx\/index.php?rest_route=%2Fwp%2Fv2%2Fcomments&post=29585"}],"version-history":[{"count":1,"href":"https:\/\/encuentroinformativo.com.mx\/index.php?rest_route=\/wp\/v2\/posts\/29585\/revisions"}],"predecessor-version":[{"id":29587,"href":"https:\/\/encuentroinformativo.com.mx\/index.php?rest_route=\/wp\/v2\/posts\/29585\/revisions\/29587"}],"wp:featuredmedia":[{"embeddable":true,"href":"https:\/\/encuentroinformativo.com.mx\/index.php?rest_route=\/wp\/v2\/media\/29586"}],"wp:attachment":[{"href":"https:\/\/encuentroinformativo.com.mx\/index.php?rest_route=%2Fwp%2Fv2%2Fmedia&parent=29585"}],"wp:term":[{"taxonomy":"category","embeddable":true,"href":"https:\/\/encuentroinformativo.com.mx\/index.php?rest_route=%2Fwp%2Fv2%2Fcategories&post=29585"},{"taxonomy":"post_tag","embeddable":true,"href":"https:\/\/encuentroinformativo.com.mx\/index.php?rest_route=%2Fwp%2Fv2%2Ftags&post=29585"}],"curies":[{"name":"wp","href":"https:\/\/api.w.org\/{rel}","templated":true}]}}