{"id":29588,"date":"2022-07-20T10:30:11","date_gmt":"2022-07-20T15:30:11","guid":{"rendered":"https:\/\/encuentroinformativo.com.mx\/?p=29588"},"modified":"2022-07-20T10:30:15","modified_gmt":"2022-07-20T15:30:15","slug":"aqui-estoy-chiquinando","status":"publish","type":"post","link":"https:\/\/encuentroinformativo.com.mx\/?p=29588","title":{"rendered":"\u201cAqu\u00ed estoy\u201d: Chiquinando"},"content":{"rendered":"\n<p><strong>Los Pol\u00edticos\u00a0<\/strong><\/p>\n\n\n\n<p><strong>Salvador Mu\u00f1oz<\/strong><\/p>\n\n\n\n<p>A la carrera por la gubernatura vuelven a subir a dos Yunes\u2026<\/p>\n\n\n\n<p>No s\u00e9 si porque realmente quieran, pero por quienes se rodean, sus amigos, quienes los quieren bien, es el sue\u00f1o verlos como candidatos\u2026 es seguro que a uno, lo quieren ver como el ungido del PAN\u2026 en el otro, no s\u00e9 si todos en el PRI lo quieran como tal\u2026<\/p>\n\n\n\n<p>Una fotograf\u00eda circul\u00f3 ayer por redes. Se ve a Fernando Yunes M\u00e1rquez sosteniendo un cantarito con la leyenda: \u201cFernando Yunes. Gobernador\u201d encabezada con un \u201cLo que se viene\u201d con una mano en se\u00f1al de Victoria.<\/p>\n\n\n\n<p>La foto se supone que fue tomada el pasado 18 de junio cuando estuvo en La Joya, acompa\u00f1ando a su amigo Ranulfo Hern\u00e1ndez durante la inauguraci\u00f3n del merendero Cuauht\u00e9moc.<\/p>\n\n\n\n<p>Aun cuando esa gr\u00e1fica la busqu\u00e9 en las redes de Chiquinando, la del Cantarito con la leyenda \u201cFernando Yunes. Gobernador\u201d, no la encontr\u00e9\u2026 su origen est\u00e1 en la circulaci\u00f3n que se dio de \u00e9sta a trav\u00e9s del Whatsapp curiosamente cuando este lunes los pepistas echaban sus \u201ccampa\u00f1as\u201d al vuelo a favor de Yunes Zorrilla con miras al 2024\u2026<\/p>\n\n\n\n<p>S\u00ed, a m\u00ed esa foto de \u201cFernando Yunes. Gobernador\u201d me pareci\u00f3 un \u201c\u00a1P\u00e1rale a tus emociones!\u201d \u201c\u00a1P\u00e1rale a tu carro!\u201d \u201c\u00a1Calmantes montes!\u201d<\/p>\n\n\n\n<p>\u00bfDe qui\u00e9n el freno? Saquen sus conclusiones, lo cierto es que si los ponemos en la misma arena, cada quien podr\u00eda ver los pros y contras de cada uno de ellos\u2026<\/p>\n\n\n\n<p>Ambos han sido Presidente municipal, uno por el Puerto; el otro, por Perote.<\/p>\n\n\n\n<p>Ambos han sido diputados locales\u2026<\/p>\n\n\n\n<p>Ambos han sido Senadores\u2026<\/p>\n\n\n\n<p>Uno ha sido diputado federal\u2026<\/p>\n\n\n\n<p>S\u00f3lo uno de ellos ha competido por la candidatura de su partido para la Gubernatura\u2026 y ha perdido\u2026<\/p>\n\n\n\n<p>S\u00f3lo uno de ellos ha competido como candidato de su partido por la Gubernatura\u2026 y ha perdido\u2026<\/p>\n\n\n\n<p>S\u00f3lo uno de ellos ha competido por una Senadur\u00eda\u2026 y ha perdido\u2026<\/p>\n\n\n\n<p>S\u00f3lo uno de ellos hasta el momento no conoce la derrota\u2026<\/p>\n\n\n\n<p>Adem\u00e1s de los pepistas que salieron con sus \u201ccampa\u00f1as\u201d al vuelo en pro del perote\u00f1o, salieron otros datos curiosos\u2026 una encuesta.<\/p>\n\n\n\n<p>En \u201cAs\u00ed van rumbo a la Gubernatura 2024\u201d, cap\u00edtulo Veracruz, la empresa TResearch, en el apartado de \u201cM\u00e1s conocidos\u201d por as\u00ed decirlo, ubica a Fernando Yunes M\u00e1rquez en segundo lugar, antecedido por Roc\u00edo Nahle y seguido de otros dos Yunes: H\u00e9ctor Yunes y Pepe Yunes Zorrilla.<\/p>\n\n\n\n<p>En el apartado de \u201cLos m\u00e1s queridos\u201d, Fernando ocupa el primer lugar y le gana por cuatro puntos a Pepe, quien aqu\u00ed ocupa el segundo lugar mientras que Julen Rementer\u00eda est\u00e1 en el tercero.<\/p>\n\n\n\n<p>En la disposici\u00f3n del encuestado de votar por el personaje pol\u00edtico, desaparece Pepe Yunes al menos entre los primeros cinco lugares mientras que Fernando Yunes aparece 6 puntos abajo de Roc\u00edo Nahle.<\/p>\n\n\n\n<p>En el apartado sobre qu\u00e9 candidato escoger\u00eda el PAN, la ventaja es para Julen Rementer\u00eda con un 43 por ciento con un 23 de Chiquinando. La diferencia se reduce dr\u00e1sticamente cuando entran todos en esta pregunta y el 17 por ciento apuesta por Julen y un 10 por ciento por Nando.<\/p>\n\n\n\n<p>En el mismo apartado, pero ahora por el PRI, un 19 por ciento apuesta por Juan Manuel Diez Francos y un 16, por Pepe; cuando entran Todos, es decir, se abre la pregunta, repunta con 10 por ciento Pepe y baja a 4 puntos Diez Francos.<\/p>\n\n\n\n<p>Ahora, hay algo que destacar y que podr\u00eda echar abajo las \u201ccampa\u00f1as\u201d al vuelo que echaron los pepistas\u2026 y de paso la de los Julencistas: es la primera vez que una encuesta considera a Fernando Yunes M\u00e1rquez y sale en t\u00e9rminos generales muy bien colocado. Para los morenos, si hab\u00eda un rival en el PAN a vencer en el 2024, era Miguel \u00c1ngel Yunes M\u00e1rquez\u2026 en el escenario no estaba contemplado en las encuestas Chiquinando.<\/p>\n\n\n\n<p>Otro dato m\u00e1s\u2026 Fernando, sin cargo, a diferencia de Nahle y Pepe Yunes, sale bien posicionado en las encuestas. \u00bfTiende a crecer? Quiz\u00e1s\u2026 hay que recordar que tanto como Nahle como Pepe tienen balcones en donde asomarse\u2026 aunque Fernando, con un cantarito y una encuesta, sin decir una palabra dice \u201caqu\u00ed estoy\u201d.<\/p>\n\n\n\n<p><a href=\"mailto:smcainito@gmail.com\" target=\"_blank\" rel=\"noreferrer noopener\">smcainito@gmail.com<\/a><\/p>\n","protected":false},"excerpt":{"rendered":"<p>Los Pol\u00edticos\u00a0 Salvador Mu\u00f1oz A la carrera por la gubernatura vuelven a subir a dos Yunes\u2026 No s\u00e9 si porque realmente quieran, pero por quienes se rodean, sus amigos, quienes los quieren bien, es el sue\u00f1o verlos como candidatos\u2026 es seguro que a uno, lo quieren ver como el ungido del PAN\u2026 en el otro, [&hellip;]<\/p>\n","protected":false},"author":1,"featured_media":387,"comment_status":"open","ping_status":"open","sticky":false,"template":"","format":"standard","meta":{"_jetpack_memberships_contains_paid_content":false,"footnotes":""},"categories":[11],"tags":[],"class_list":["post-29588","post","type-post","status-publish","format-standard","has-post-thumbnail","hentry","category-opinion"],"jetpack_featured_media_url":"https:\/\/encuentroinformativo.com.mx\/wp-content\/uploads\/2020\/03\/7CF8A22B-2764-47BE-8F7F-38FE9E5D6A2F.jpeg","jetpack_sharing_enabled":true,"jetpack_likes_enabled":true,"amp_enabled":true,"_links":{"self":[{"href":"https:\/\/encuentroinformativo.com.mx\/index.php?rest_route=\/wp\/v2\/posts\/29588","targetHints":{"allow":["GET"]}}],"collection":[{"href":"https:\/\/encuentroinformativo.com.mx\/index.php?rest_route=\/wp\/v2\/posts"}],"about":[{"href":"https:\/\/encuentroinformativo.com.mx\/index.php?rest_route=\/wp\/v2\/types\/post"}],"author":[{"embeddable":true,"href":"https:\/\/encuentroinformativo.com.mx\/index.php?rest_route=\/wp\/v2\/users\/1"}],"replies":[{"embeddable":true,"href":"https:\/\/encuentroinformativo.com.mx\/index.php?rest_route=%2Fwp%2Fv2%2Fcomments&post=29588"}],"version-history":[{"count":1,"href":"https:\/\/encuentroinformativo.com.mx\/index.php?rest_route=\/wp\/v2\/posts\/29588\/revisions"}],"predecessor-version":[{"id":29589,"href":"https:\/\/encuentroinformativo.com.mx\/index.php?rest_route=\/wp\/v2\/posts\/29588\/revisions\/29589"}],"wp:featuredmedia":[{"embeddable":true,"href":"https:\/\/encuentroinformativo.com.mx\/index.php?rest_route=\/wp\/v2\/media\/387"}],"wp:attachment":[{"href":"https:\/\/encuentroinformativo.com.mx\/index.php?rest_route=%2Fwp%2Fv2%2Fmedia&parent=29588"}],"wp:term":[{"taxonomy":"category","embeddable":true,"href":"https:\/\/encuentroinformativo.com.mx\/index.php?rest_route=%2Fwp%2Fv2%2Fcategories&post=29588"},{"taxonomy":"post_tag","embeddable":true,"href":"https:\/\/encuentroinformativo.com.mx\/index.php?rest_route=%2Fwp%2Fv2%2Ftags&post=29588"}],"curies":[{"name":"wp","href":"https:\/\/api.w.org\/{rel}","templated":true}]}}