{"id":296,"date":"2020-03-03T13:44:11","date_gmt":"2020-03-03T19:44:11","guid":{"rendered":"https:\/\/encuentroinformativodotcomdotmx.wordpress.com\/2020\/03\/03\/veracruz-sin-capacidad-para-atender-riesgos-de-salud-pt\/"},"modified":"2020-03-03T13:44:11","modified_gmt":"2020-03-03T19:44:11","slug":"veracruz-sin-capacidad-para-atender-riesgos-de-salud-pt","status":"publish","type":"post","link":"https:\/\/encuentroinformativo.com.mx\/?p=296","title":{"rendered":"Veracruz sin capacidad para atender riesgos de salud: PT"},"content":{"rendered":"\n<figure class=\"wp-block-image size-large\"><img loading=\"lazy\" decoding=\"async\" width=\"932\" height=\"778\" src=\"https:\/\/encuentroinformativo.com.mx\/wp-content\/uploads\/2020\/03\/ezy-watermark_03-03-2020_01-41-45p.m..jpg?w=932\" alt=\"\" class=\"wp-image-295\" srcset=\"https:\/\/encuentroinformativo.com.mx\/wp-content\/uploads\/2020\/03\/ezy-watermark_03-03-2020_01-41-45p.m..jpg 932w, https:\/\/encuentroinformativo.com.mx\/wp-content\/uploads\/2020\/03\/ezy-watermark_03-03-2020_01-41-45p.m.-300x250.jpg 300w, https:\/\/encuentroinformativo.com.mx\/wp-content\/uploads\/2020\/03\/ezy-watermark_03-03-2020_01-41-45p.m.-768x641.jpg 768w\" sizes=\"auto, (max-width: 932px) 100vw, 932px\" \/><\/figure>\n\n\n\n<p><strong>Dar\u00edo Pale <\/strong><\/p>\n\n\n\n<p>Xalapa, Ver.- El comisionado pol\u00edtico del Partido del Trabajo (PT), Ram\u00f3n D\u00edaz \u00c1vila, dio a conocer que el estado no podr\u00e1 combatir los contagios por coronavirus porque en los hospitales no hay ni siquiera medicamentos b\u00e1sicos como el paracetamol.<\/p>\n\n\n\n<p>En conferencia de prensa realizada en las instalaciones de su partido, asegur\u00f3 que existe un desabasto generalizado de medicamentos, ya que durante un recorrido que realiz\u00f3 por diferentes hospitales se percat\u00f3 que existe un gran desabasto de medicamentos.<\/p>\n\n\n\n<p>\u201cEs cierto que no hay medicamentos. Hicimos un recorrido por los hospitales y los anaqueles est\u00e1n vac\u00edos, no hay ni paracetamol, menos habr\u00e1 medicamentos para combatir el coronavirus\u201d.<\/p>\n\n\n\n<p>En el caso del Gobierno de Veracruz, consider\u00f3 que la administraci\u00f3n de Cuitl\u00e1huac Garc\u00eda Jim\u00e9nez no ha cumplido en materia de seguridad porque su Gobierno ha sido rebasado.<\/p>\n\n\n\n<p>\u201cEl Gobierno del estado ha dejado mucho que desear en el tema de seguridad, han sido rebasados y que bueno que el Gobierno federal est\u00e1 mandando cada vez a m\u00e1s elementos de la Guardia Nacional\u201d.<\/p>\n\n\n\n<p>Por ello, confi\u00f3 en que los destacamentos que se construyen en todo el estado puedan ayudar a combatir la inseguridad que se registra en la entidad veracruzana.<\/p>\n\n\n\n<p>Finalmente dio a conocer que las personas que quieren interponer denuncias por negligencia m\u00e9dica los apoyan con los abogados para interponer las denuncias sin costo alguno, para que no pase lo mismo que en Tabasco donde les inyectaron medicamentos caducados a dos personas y fallecieron.<\/p>\n\n\n\n<p><\/p>\n","protected":false},"excerpt":{"rendered":"<p>Dar\u00edo Pale Xalapa, Ver.- El comisionado pol\u00edtico del Partido del Trabajo (PT), Ram\u00f3n D\u00edaz \u00c1vila, dio a conocer que el estado no podr\u00e1 combatir los contagios por coronavirus porque en los hospitales no hay ni siquiera medicamentos b\u00e1sicos como el paracetamol. En conferencia de prensa realizada en las instalaciones de su partido, asegur\u00f3 que existe [&hellip;]<\/p>\n","protected":false},"author":1,"featured_media":295,"comment_status":"open","ping_status":"open","sticky":false,"template":"","format":"standard","meta":{"_jetpack_memberships_contains_paid_content":false,"footnotes":""},"categories":[2],"tags":[],"class_list":["post-296","post","type-post","status-publish","format-standard","has-post-thumbnail","hentry","category-estado"],"jetpack_featured_media_url":"https:\/\/encuentroinformativo.com.mx\/wp-content\/uploads\/2020\/03\/ezy-watermark_03-03-2020_01-41-45p.m..jpg","jetpack_sharing_enabled":true,"jetpack_likes_enabled":true,"amp_enabled":true,"_links":{"self":[{"href":"https:\/\/encuentroinformativo.com.mx\/index.php?rest_route=\/wp\/v2\/posts\/296","targetHints":{"allow":["GET"]}}],"collection":[{"href":"https:\/\/encuentroinformativo.com.mx\/index.php?rest_route=\/wp\/v2\/posts"}],"about":[{"href":"https:\/\/encuentroinformativo.com.mx\/index.php?rest_route=\/wp\/v2\/types\/post"}],"author":[{"embeddable":true,"href":"https:\/\/encuentroinformativo.com.mx\/index.php?rest_route=\/wp\/v2\/users\/1"}],"replies":[{"embeddable":true,"href":"https:\/\/encuentroinformativo.com.mx\/index.php?rest_route=%2Fwp%2Fv2%2Fcomments&post=296"}],"version-history":[{"count":0,"href":"https:\/\/encuentroinformativo.com.mx\/index.php?rest_route=\/wp\/v2\/posts\/296\/revisions"}],"wp:featuredmedia":[{"embeddable":true,"href":"https:\/\/encuentroinformativo.com.mx\/index.php?rest_route=\/wp\/v2\/media\/295"}],"wp:attachment":[{"href":"https:\/\/encuentroinformativo.com.mx\/index.php?rest_route=%2Fwp%2Fv2%2Fmedia&parent=296"}],"wp:term":[{"taxonomy":"category","embeddable":true,"href":"https:\/\/encuentroinformativo.com.mx\/index.php?rest_route=%2Fwp%2Fv2%2Fcategories&post=296"},{"taxonomy":"post_tag","embeddable":true,"href":"https:\/\/encuentroinformativo.com.mx\/index.php?rest_route=%2Fwp%2Fv2%2Ftags&post=296"}],"curies":[{"name":"wp","href":"https:\/\/api.w.org\/{rel}","templated":true}]}}