{"id":29613,"date":"2022-07-20T15:24:17","date_gmt":"2022-07-20T20:24:17","guid":{"rendered":"https:\/\/encuentroinformativo.com.mx\/?p=29613"},"modified":"2022-07-20T15:24:26","modified_gmt":"2022-07-20T20:24:26","slug":"confirma-fge-detencion-de-el-puma-por-feminicidios-de-cosoleacaque","status":"publish","type":"post","link":"https:\/\/encuentroinformativo.com.mx\/?p=29613","title":{"rendered":"Confirma FGE detenci\u00f3n de \u201cEl Puma\u201d por feminicidios de Cosoleacaque"},"content":{"rendered":"\n<p><strong>Dar\u00edo Pale<\/strong><\/p>\n\n\n\n<p>Xalapa, Ver.- \u201cEl Puma&#8221;, \u00faltimo autor material detenido por doble feminicidio de Cosoleacaque, por lo que la Fiscal general define que a\u00fan faltan por ser detenidos autores intelectuales, as\u00ed lo se\u00f1al\u00f3 la Fiscal General del Estado Ver\u00f3nica Hern\u00e1ndez Giad\u00e1ns.<\/p>\n\n\n\n<p>En entrevista confirm\u00f3 que este martes se ejecut\u00f3 otra orden de aprehensi\u00f3n por el doble feminicidio de Gladis Merl\u00edn y su hija Karla Enr\u00edquez, hechos ocurridos el pasado 15 de febrero de 2021, por lo que ya fue detenido el \u00faltimo autor material de este crimen sucedido en el municipio de Cosoleacaque.<\/p>\n\n\n\n<p>Dio a conocer que la audiencia de Luis &#8220;N&#8221;, alias El Puma, quien fuera jefe de seguridad de la exalcaldesa, se llevar\u00eda a cabo este mi\u00e9rcoles por la ma\u00f1ana y lo m\u00e1s seguro es que se le decretar\u00eda prisi\u00f3n preventiva oficiosa.<\/p>\n\n\n\n<p>La Fiscal explic\u00f3 que de las \u00f3rdenes de aprehensi\u00f3n solicitadas en este caso, la de alias El Puma era la \u00faltima que estaba pendiente, pero falta por saber qui\u00e9nes fueron los autores intelectuales y conforme se obtengan datos se seguir\u00e1n obteniendo \u00f3rdenes de aprehensi\u00f3n.<\/p>\n\n\n\n<p>&#8220;Es una carpeta que est\u00e1 bien soportada y que qued\u00f3 con prisi\u00f3n preventiva por ser delito grave. Seguimos trabajando, todos est\u00e1n detenidos (los autores materiales), todos est\u00e1n vinculados y como toda investigaci\u00f3n, por secrec\u00eda no puedo dar mayores detalles&#8221;, se\u00f1al\u00f3.<\/p>\n\n\n\n<p>Luis \u201cN&#8221; fue reaprendido por agentes de la Polic\u00eda Ministerial, cuando sal\u00eda del penal de Acayucan, donde permanec\u00eda internado \u00a0por el delito de ultrajes a la autoridad.<\/p>\n\n\n\n<p>Por \u00faltimo cabe recordar que el 25 de agosto del a\u00f1o pasado, fueron detenidos en Tabasco, Marco Antonio &#8220;N&#8221; y Marco de Jes\u00fas &#8220;N&#8221;, padre e hijo respectivamente, como presuntos autores materiales de ese crimen.<\/p>\n","protected":false},"excerpt":{"rendered":"<p>Dar\u00edo Pale Xalapa, Ver.- \u201cEl Puma&#8221;, \u00faltimo autor material detenido por doble feminicidio de Cosoleacaque, por lo que la Fiscal general define que a\u00fan faltan por ser detenidos autores intelectuales, as\u00ed lo se\u00f1al\u00f3 la Fiscal General del Estado Ver\u00f3nica Hern\u00e1ndez Giad\u00e1ns. En entrevista confirm\u00f3 que este martes se ejecut\u00f3 otra orden de aprehensi\u00f3n por el [&hellip;]<\/p>\n","protected":false},"author":1,"featured_media":29614,"comment_status":"open","ping_status":"open","sticky":false,"template":"","format":"standard","meta":{"_jetpack_memberships_contains_paid_content":false,"footnotes":""},"categories":[2],"tags":[],"class_list":["post-29613","post","type-post","status-publish","format-standard","has-post-thumbnail","hentry","category-estado"],"jetpack_featured_media_url":"https:\/\/encuentroinformativo.com.mx\/wp-content\/uploads\/2022\/07\/CF3F9739-4FB1-49ED-AA6B-F3D6A17CD986.jpeg","jetpack_sharing_enabled":true,"jetpack_likes_enabled":true,"amp_enabled":true,"_links":{"self":[{"href":"https:\/\/encuentroinformativo.com.mx\/index.php?rest_route=\/wp\/v2\/posts\/29613","targetHints":{"allow":["GET"]}}],"collection":[{"href":"https:\/\/encuentroinformativo.com.mx\/index.php?rest_route=\/wp\/v2\/posts"}],"about":[{"href":"https:\/\/encuentroinformativo.com.mx\/index.php?rest_route=\/wp\/v2\/types\/post"}],"author":[{"embeddable":true,"href":"https:\/\/encuentroinformativo.com.mx\/index.php?rest_route=\/wp\/v2\/users\/1"}],"replies":[{"embeddable":true,"href":"https:\/\/encuentroinformativo.com.mx\/index.php?rest_route=%2Fwp%2Fv2%2Fcomments&post=29613"}],"version-history":[{"count":1,"href":"https:\/\/encuentroinformativo.com.mx\/index.php?rest_route=\/wp\/v2\/posts\/29613\/revisions"}],"predecessor-version":[{"id":29615,"href":"https:\/\/encuentroinformativo.com.mx\/index.php?rest_route=\/wp\/v2\/posts\/29613\/revisions\/29615"}],"wp:featuredmedia":[{"embeddable":true,"href":"https:\/\/encuentroinformativo.com.mx\/index.php?rest_route=\/wp\/v2\/media\/29614"}],"wp:attachment":[{"href":"https:\/\/encuentroinformativo.com.mx\/index.php?rest_route=%2Fwp%2Fv2%2Fmedia&parent=29613"}],"wp:term":[{"taxonomy":"category","embeddable":true,"href":"https:\/\/encuentroinformativo.com.mx\/index.php?rest_route=%2Fwp%2Fv2%2Fcategories&post=29613"},{"taxonomy":"post_tag","embeddable":true,"href":"https:\/\/encuentroinformativo.com.mx\/index.php?rest_route=%2Fwp%2Fv2%2Ftags&post=29613"}],"curies":[{"name":"wp","href":"https:\/\/api.w.org\/{rel}","templated":true}]}}