{"id":29619,"date":"2022-07-20T17:22:48","date_gmt":"2022-07-20T22:22:48","guid":{"rendered":"https:\/\/encuentroinformativo.com.mx\/?p=29619"},"modified":"2022-07-20T17:22:52","modified_gmt":"2022-07-20T22:22:52","slug":"alumno-de-secundaria-de-poza-rica-le-fractura-la-nariz-a-su-companero","status":"publish","type":"post","link":"https:\/\/encuentroinformativo.com.mx\/?p=29619","title":{"rendered":"Alumno de secundaria de Poza Rica le fractura la nariz a su compa\u00f1ero"},"content":{"rendered":"\n<p><strong>Alejandro \u00c1vila<\/strong><\/p>\n\n\n\n<p>Poza Rica, Ver.- El se\u00f1or Jonabad Garc\u00eda present\u00f3 una denuncia ante la Unidad Integral de Procuraci\u00f3n de Justicia de Poza Rica, tras la doble fractura de nariz que sufri\u00f3 su hijo Marlon por la agresi\u00f3n de un compa\u00f1ero.<\/p>\n\n\n\n<p>El molesto padre se\u00f1al\u00f3 que, ninguna autoridad de la escuela secundaria a la cual acude su hijo realiz\u00f3 los protocolos correspondientes para evitar esta situaci\u00f3n; incluso, una vez agredido su hijo, el personal administrativo de la instituci\u00f3n educativa se neg\u00f3 a sancionar al responsable.<\/p>\n\n\n\n<p>Los hechos se suscitaron en la Escuela Secundaria T\u00e9cnica Industrial (ESTI) n\u00famero 75, ubicada en la colonia An\u00e1huac del municipio de Poza Rica, y la agresi\u00f3n fue grabada en video por sus compa\u00f1eros de clase y difundida en redes sociales.<\/p>\n\n\n\n<p>El agresor identificado como \u00c1ngel D. hab\u00eda retado en diversas ocasiones al hoy joven agredido, de nombre Marlon, qui\u00e9n trato reiteradas veces de evitar una confrontaci\u00f3n f\u00edsica; sin embargo, hace unos d\u00edas, fue golpeado con za\u00f1a, y el saldo del enfrentamiento, fue una doble fractura de tabique nasal.<\/p>\n\n\n\n<p>Los padres de Marlon acusaron al personal administrativo, en espec\u00edfico, a la directora de la ESTI 75, Mar\u00eda Gabriela Hern\u00e1ndez Guti\u00e9rrez, de notificarle de la agresi\u00f3n dos horas despu\u00e9s, adem\u00e1s de no citar a los padres del agresor, para notificarles sobre alguna sanci\u00f3n.<\/p>\n\n\n\n<p>&#8220;No citaron a junta entre padres y la docente al frente de mi hijo, como tampoco me dan respuestas positivas para dar soluci\u00f3n ante las lesiones que presenta Marlon; adem\u00e1s de que temo que algo mas le pase a mi hijo, por lo que presentare cargos y retirar\u00e9 a mi hijo de dicha escuela, y as\u00ed evitar m\u00e1s violencia contra mi hijo&#8221;, dijo Jonadab&nbsp; Garc\u00eda, padre de la v\u00edctima.<\/p>\n","protected":false},"excerpt":{"rendered":"<p>Alejandro \u00c1vila Poza Rica, Ver.- El se\u00f1or Jonabad Garc\u00eda present\u00f3 una denuncia ante la Unidad Integral de Procuraci\u00f3n de Justicia de Poza Rica, tras la doble fractura de nariz que sufri\u00f3 su hijo Marlon por la agresi\u00f3n de un compa\u00f1ero. El molesto padre se\u00f1al\u00f3 que, ninguna autoridad de la escuela secundaria a la cual acude [&hellip;]<\/p>\n","protected":false},"author":1,"featured_media":29620,"comment_status":"open","ping_status":"open","sticky":false,"template":"","format":"standard","meta":{"_jetpack_memberships_contains_paid_content":false,"footnotes":""},"categories":[2],"tags":[],"class_list":["post-29619","post","type-post","status-publish","format-standard","has-post-thumbnail","hentry","category-estado"],"jetpack_featured_media_url":"https:\/\/encuentroinformativo.com.mx\/wp-content\/uploads\/2022\/07\/E6859673-08B3-4BBF-B43A-7D2DD59F6527.jpeg","jetpack_sharing_enabled":true,"jetpack_likes_enabled":true,"amp_enabled":true,"_links":{"self":[{"href":"https:\/\/encuentroinformativo.com.mx\/index.php?rest_route=\/wp\/v2\/posts\/29619","targetHints":{"allow":["GET"]}}],"collection":[{"href":"https:\/\/encuentroinformativo.com.mx\/index.php?rest_route=\/wp\/v2\/posts"}],"about":[{"href":"https:\/\/encuentroinformativo.com.mx\/index.php?rest_route=\/wp\/v2\/types\/post"}],"author":[{"embeddable":true,"href":"https:\/\/encuentroinformativo.com.mx\/index.php?rest_route=\/wp\/v2\/users\/1"}],"replies":[{"embeddable":true,"href":"https:\/\/encuentroinformativo.com.mx\/index.php?rest_route=%2Fwp%2Fv2%2Fcomments&post=29619"}],"version-history":[{"count":1,"href":"https:\/\/encuentroinformativo.com.mx\/index.php?rest_route=\/wp\/v2\/posts\/29619\/revisions"}],"predecessor-version":[{"id":29621,"href":"https:\/\/encuentroinformativo.com.mx\/index.php?rest_route=\/wp\/v2\/posts\/29619\/revisions\/29621"}],"wp:featuredmedia":[{"embeddable":true,"href":"https:\/\/encuentroinformativo.com.mx\/index.php?rest_route=\/wp\/v2\/media\/29620"}],"wp:attachment":[{"href":"https:\/\/encuentroinformativo.com.mx\/index.php?rest_route=%2Fwp%2Fv2%2Fmedia&parent=29619"}],"wp:term":[{"taxonomy":"category","embeddable":true,"href":"https:\/\/encuentroinformativo.com.mx\/index.php?rest_route=%2Fwp%2Fv2%2Fcategories&post=29619"},{"taxonomy":"post_tag","embeddable":true,"href":"https:\/\/encuentroinformativo.com.mx\/index.php?rest_route=%2Fwp%2Fv2%2Ftags&post=29619"}],"curies":[{"name":"wp","href":"https:\/\/api.w.org\/{rel}","templated":true}]}}