{"id":29624,"date":"2022-07-20T19:40:09","date_gmt":"2022-07-21T00:40:09","guid":{"rendered":"https:\/\/encuentroinformativo.com.mx\/?p=29624"},"modified":"2022-07-20T19:40:13","modified_gmt":"2022-07-21T00:40:13","slug":"en-marcha-rehabilitacion-de-unidad-deportiva-el-morro-alcalde-unanue","status":"publish","type":"post","link":"https:\/\/encuentroinformativo.com.mx\/?p=29624","title":{"rendered":"En marcha rehabilitaci\u00f3n de Unidad Deportiva \u201cEl Morro\u201d: Alcalde Un\u00e1nue"},"content":{"rendered":"\n<p><strong>*<em>Se est\u00e1 cumpliendo el compromiso con la ciudad, mejorando parques y unidades deportivas; pero tambi\u00e9n dando prioridad al mantenimiento urbano en todas las zonas del municipio, destac\u00f3<\/em>.<\/strong><\/p>\n\n\n\n<p>Boca del R\u00edo, Ver.- El Presidente Municipal, Juan Manuel Un\u00e1nue Abascal, puso en marcha los trabajos de rehabilitaci\u00f3n de la Unidad Deportiva \u201cEl Morro\u201d, donde se realizar\u00e1 una inversi\u00f3n de m\u00e1s de un mill\u00f3n 200 mil pesos, teniendo como plazo de ejecuci\u00f3n el 20 de septiembre.<\/p>\n\n\n\n<p>Destac\u00f3 que los espacios p\u00fablicos, as\u00ed como las unidades deportivas, representan un lugar id\u00f3neo para el desarrollo de actividades recreativas y de esparcimiento, por ello, el compromiso del gobierno municipal de Boca del R\u00edo, es rehabilitarlas para que se encuentren aptas para su funcionamiento.<\/p>\n\n\n\n<p>\u201cVamos a mejorar la imagen urbana para tener espacios dignos para la recreaci\u00f3n al aire libre, en conjunto con las direcciones de Mantenimiento Urbano, Obras P\u00fablicas y Limpia P\u00fablica\u201d, explic\u00f3.<\/p>\n\n\n\n<p>Las acciones que se realizar\u00e1n, ser\u00e1 la aplicaci\u00f3n de m\u00e1s de 2,500 m2 de pintura en todas las bancas, gradas, bardas, muros, oficinas, ba\u00f1os, el kiosco y canchas.<br>M\u00e1s de 350 m2 de pintura especial para el mantenimiento y cubrimiento de la alberca y se impermeabilizar\u00e1n las losas.<\/p>\n\n\n\n<p>\u201cSe har\u00e1 una importante rehabilitaci\u00f3n de ba\u00f1os con la colocaci\u00f3n de puertas multipanel, tambi\u00e9n haremos una reposici\u00f3n de muebles y colocaremos pisos de loseta, lambrines, as\u00ed como rehabilitaci\u00f3n en alumbrado p\u00fablico con la reposici\u00f3n de siete reflectores y colocaci\u00f3n de accesorios el\u00e9ctricos\u201d.<\/p>\n\n\n\n<p>Adem\u00e1s de, \u201cmantenimiento de las dos porter\u00edas fijas y las cuatro m\u00f3viles, se colocar\u00e1n dos bancas deportivas especiales, tambi\u00e9n se colocar\u00e1n protecciones en puertas y ventanas; as\u00ed como mantenimiento al barandal de las gradas\u201d, destac\u00f3 el Alcalde de Boca del R\u00edo.<\/p>\n\n\n\n<p>Recalc\u00f3 que se est\u00e1 cumpliendo el compromiso con la ciudad, mejorando las calles, avenidas, parques y unidades deportivas; pero tambi\u00e9n dando prioridad al mantenimiento urbano en todas las zonas del municipio.<\/p>\n\n\n\n<p>Pero no es todo, el plan de rehabilitaci\u00f3n contempla mantenimiento total a las bombas de la unidad deportiva, se dar\u00e1 tratamiento al agua y se instalar\u00e1 una nueva red el\u00e9ctrica e hidr\u00e1ulica, as\u00ed como una colocaci\u00f3n de 320 m2 de malla reforzada atrapa balones.<\/p>\n\n\n\n<p>Con la rehabilitaci\u00f3n de la Unidad Deportiva \u201cEl Morro\u201d, se cumple con parte de los objetivos sociales, como lo es, estimular la integraci\u00f3n de los habitantes de la zona, en un espacio incluyente y accesible para los boque\u00f1os, \u201cva a quedar muy bonita para el uso y disfrute de todas las familias\u201d, finaliz\u00f3.<\/p>\n","protected":false},"excerpt":{"rendered":"<p>*Se est\u00e1 cumpliendo el compromiso con la ciudad, mejorando parques y unidades deportivas; pero tambi\u00e9n dando prioridad al mantenimiento urbano en todas las zonas del municipio, destac\u00f3. Boca del R\u00edo, Ver.- El Presidente Municipal, Juan Manuel Un\u00e1nue Abascal, puso en marcha los trabajos de rehabilitaci\u00f3n de la Unidad Deportiva \u201cEl Morro\u201d, donde se realizar\u00e1 una [&hellip;]<\/p>\n","protected":false},"author":1,"featured_media":29625,"comment_status":"open","ping_status":"open","sticky":false,"template":"","format":"standard","meta":{"_jetpack_memberships_contains_paid_content":false,"footnotes":""},"categories":[2],"tags":[],"class_list":["post-29624","post","type-post","status-publish","format-standard","has-post-thumbnail","hentry","category-estado"],"jetpack_featured_media_url":"https:\/\/encuentroinformativo.com.mx\/wp-content\/uploads\/2022\/07\/5A191E5C-E619-41EB-A386-AE47E735B78C.jpeg","jetpack_sharing_enabled":true,"jetpack_likes_enabled":true,"amp_enabled":true,"_links":{"self":[{"href":"https:\/\/encuentroinformativo.com.mx\/index.php?rest_route=\/wp\/v2\/posts\/29624","targetHints":{"allow":["GET"]}}],"collection":[{"href":"https:\/\/encuentroinformativo.com.mx\/index.php?rest_route=\/wp\/v2\/posts"}],"about":[{"href":"https:\/\/encuentroinformativo.com.mx\/index.php?rest_route=\/wp\/v2\/types\/post"}],"author":[{"embeddable":true,"href":"https:\/\/encuentroinformativo.com.mx\/index.php?rest_route=\/wp\/v2\/users\/1"}],"replies":[{"embeddable":true,"href":"https:\/\/encuentroinformativo.com.mx\/index.php?rest_route=%2Fwp%2Fv2%2Fcomments&post=29624"}],"version-history":[{"count":1,"href":"https:\/\/encuentroinformativo.com.mx\/index.php?rest_route=\/wp\/v2\/posts\/29624\/revisions"}],"predecessor-version":[{"id":29626,"href":"https:\/\/encuentroinformativo.com.mx\/index.php?rest_route=\/wp\/v2\/posts\/29624\/revisions\/29626"}],"wp:featuredmedia":[{"embeddable":true,"href":"https:\/\/encuentroinformativo.com.mx\/index.php?rest_route=\/wp\/v2\/media\/29625"}],"wp:attachment":[{"href":"https:\/\/encuentroinformativo.com.mx\/index.php?rest_route=%2Fwp%2Fv2%2Fmedia&parent=29624"}],"wp:term":[{"taxonomy":"category","embeddable":true,"href":"https:\/\/encuentroinformativo.com.mx\/index.php?rest_route=%2Fwp%2Fv2%2Fcategories&post=29624"},{"taxonomy":"post_tag","embeddable":true,"href":"https:\/\/encuentroinformativo.com.mx\/index.php?rest_route=%2Fwp%2Fv2%2Ftags&post=29624"}],"curies":[{"name":"wp","href":"https:\/\/api.w.org\/{rel}","templated":true}]}}