{"id":29627,"date":"2022-07-21T09:41:15","date_gmt":"2022-07-21T14:41:15","guid":{"rendered":"https:\/\/encuentroinformativo.com.mx\/?p=29627"},"modified":"2022-07-21T09:41:19","modified_gmt":"2022-07-21T14:41:19","slug":"el-dia-de-perote","status":"publish","type":"post","link":"https:\/\/encuentroinformativo.com.mx\/?p=29627","title":{"rendered":"\u00a1El d\u00eda de Perote!"},"content":{"rendered":"\n<p><strong>Los Pol\u00edticos\u00a0<br><\/strong><br><strong>Salvador Mu\u00f1oz<\/strong><br><\/p>\n\n\n\n<p>Perote, por donde se le quiera ver, da de qu\u00e9 hablar\u2026<\/p>\n\n\n\n<p>Cuitl\u00e1huac ayer estuvo en ese municipio y lo que dijo, pone a pensar\u2026<\/p>\n\n\n\n<p>Con motivo de la columna de ayer, donde cito a un ilustre perote\u00f1o, me hicieron algunos comentarios al respecto\u2026<br>Y ayer tuve comunicaci\u00f3n con otro ilustre perote\u00f1o que me habl\u00f3 de Ginger\u2026 pero vamos por partes\u2026<\/p>\n\n\n\n<p>1) Escuchando a Cuitl\u00e1huac Garc\u00eda durante la inauguraci\u00f3n del Hospital General de Perote, ahora s\u00ed, dijera Condorito, hice Plop! Y que me voy para atr\u00e1s cuando el mandatario estatal asegur\u00f3 que dicho nosocomio ten\u00eda doce a\u00f1os \u00a1en obra negra! As\u00ed lo encontr\u00f3, por lo que si hacemos restas, queda en claro que el gobierno de Fidel Herrera puso la primera piedra y ya, no pas\u00f3 de all\u00ed; igual ocurri\u00f3 con Javier Duarte de Ochoa y no se hizo nada; y cuando lleg\u00f3 Yunes Linares, tampoco.<br>\u00bfCu\u00e1les fueron las razones para dejar un objetivo de relevancia para esa regi\u00f3n en obra negra? \u00a1Ni idea! pero Cuitl\u00e1huac Garc\u00eda aprovech\u00f3 para ponerle nombre: corrupci\u00f3n.<br>Eso s\u00ed, el mandatario tuvo a bien cuidar a su patrocinador de Becas y s\u00f3lo nombrar a Javier Duarte (\u201cTe pareces tanto a m\u00ed\u201d, le dir\u00eda Sergio Gil, de Movimiento Ciudadano) y a Yunes Linares.<br>Aunque el asunto no s\u00f3lo se concentra en los ex gobernadores\u2026<br>Si bien es una obra de car\u00e1cter estatal, pudieron estar \u201cchinga y jode\u201d los presidentes municipales para reclamar un derecho de sus ciudadanos: el acceso a la salud\u2026 \u00bfcu\u00e1ntos alcaldes pasaron en estos doce a\u00f1os de los que se refiere Cuic?<br>O qu\u00e9 decir de los diputados locales o hasta federales\u2026 \u00bfo senadores?<br>Hoy, as\u00ed siendo uno de los peores gobernadores evaluados en algunas casas encuestadoras, Cuitl\u00e1huac anot\u00f3 de visitante\u2026<\/p>\n\n\n\n<p>2) Escrib\u00ed ayer sobre Chiquinando y Pepe Yunes y me hicieron la siguiente observaci\u00f3n:<br>En el 2012, Fernando Yunes M\u00e1rquez y Jos\u00e9 Yunes Zorrilla se enfrentaron en una contienda estatal: la senadur\u00eda. Gan\u00f3 Pepe Yunes y Chiquinando se qued\u00f3 como senador de primera minor\u00eda. Fue en aquella ocasi\u00f3n que Veracruz tuvo tres senadores con apellido Yunes: Pepe, H\u00e9ctor y Fer.<br>Agregan al comentario que siendo ambos senadores, no hubo comparaci\u00f3n con el trabajo, la gesti\u00f3n y los resultados desde la C\u00e1mara Alta.<br>\u00a1Servidos!<\/p>\n\n\n\n<p>3) El tercer punto a tratar de Perote es Ginger. Y es seguro que el lector se pregunte: \u00bfQui\u00e9n es Ginger? Ah pues es una perrita de aproximados cinco meses que perdi\u00f3 hermanos y madre en una noche que el Ayuntamiento al que tanta flores le ech\u00f3 Cuitl\u00e1huac ayer en Perote, orden\u00f3 un levant\u00f3n de perros donde los vecinos aseguran que fueron sacrificados, entre ellos la madre de Ginger.<\/p>\n\n\n\n<p>Un amigo de Perote, quien rescat\u00f3 a la cachorrita, tuvo a bien llamarme ayer para pedir que compartiera la foto de Ginger en espera de que alguien la adopte.<br>Ya la entregan tanto desparasitada como esterilizada, s\u00f3lo piden responsabilidad total para esta sobreviviente a la insensibilidad de un alcalde\u2026<\/p>\n\n\n\n<p>Perote pues, tuvo un gran d\u00eda este mi\u00e9rcoles\u2026 por un lado, los perote\u00f1os ya no tendr\u00e1n que correr a Puebla por alguna emergencia\u2026 hay quienes le prenden su veladora al perote\u00f1o Pepe Yunes\u2026 y Ginger nos recuerda que Perote cuenta con un alcalde que le es m\u00e1s f\u00e1cil matar que adoptar\u2026 s\u00ed, fue el d\u00eda de Perote.<\/p>\n\n\n\n<p><a href=\"mailto:smcainito@gmail.com\" target=\"_blank\" rel=\"noreferrer noopener\">smcainito@gmail.com<\/a><\/p>\n","protected":false},"excerpt":{"rendered":"<p>Los Pol\u00edticos\u00a0Salvador Mu\u00f1oz Perote, por donde se le quiera ver, da de qu\u00e9 hablar\u2026 Cuitl\u00e1huac ayer estuvo en ese municipio y lo que dijo, pone a pensar\u2026 Con motivo de la columna de ayer, donde cito a un ilustre perote\u00f1o, me hicieron algunos comentarios al respecto\u2026Y ayer tuve comunicaci\u00f3n con otro ilustre perote\u00f1o que me [&hellip;]<\/p>\n","protected":false},"author":1,"featured_media":387,"comment_status":"open","ping_status":"open","sticky":false,"template":"","format":"standard","meta":{"_jetpack_memberships_contains_paid_content":false,"footnotes":""},"categories":[11],"tags":[],"class_list":["post-29627","post","type-post","status-publish","format-standard","has-post-thumbnail","hentry","category-opinion"],"jetpack_featured_media_url":"https:\/\/encuentroinformativo.com.mx\/wp-content\/uploads\/2020\/03\/7CF8A22B-2764-47BE-8F7F-38FE9E5D6A2F.jpeg","jetpack_sharing_enabled":true,"jetpack_likes_enabled":true,"amp_enabled":true,"_links":{"self":[{"href":"https:\/\/encuentroinformativo.com.mx\/index.php?rest_route=\/wp\/v2\/posts\/29627","targetHints":{"allow":["GET"]}}],"collection":[{"href":"https:\/\/encuentroinformativo.com.mx\/index.php?rest_route=\/wp\/v2\/posts"}],"about":[{"href":"https:\/\/encuentroinformativo.com.mx\/index.php?rest_route=\/wp\/v2\/types\/post"}],"author":[{"embeddable":true,"href":"https:\/\/encuentroinformativo.com.mx\/index.php?rest_route=\/wp\/v2\/users\/1"}],"replies":[{"embeddable":true,"href":"https:\/\/encuentroinformativo.com.mx\/index.php?rest_route=%2Fwp%2Fv2%2Fcomments&post=29627"}],"version-history":[{"count":1,"href":"https:\/\/encuentroinformativo.com.mx\/index.php?rest_route=\/wp\/v2\/posts\/29627\/revisions"}],"predecessor-version":[{"id":29628,"href":"https:\/\/encuentroinformativo.com.mx\/index.php?rest_route=\/wp\/v2\/posts\/29627\/revisions\/29628"}],"wp:featuredmedia":[{"embeddable":true,"href":"https:\/\/encuentroinformativo.com.mx\/index.php?rest_route=\/wp\/v2\/media\/387"}],"wp:attachment":[{"href":"https:\/\/encuentroinformativo.com.mx\/index.php?rest_route=%2Fwp%2Fv2%2Fmedia&parent=29627"}],"wp:term":[{"taxonomy":"category","embeddable":true,"href":"https:\/\/encuentroinformativo.com.mx\/index.php?rest_route=%2Fwp%2Fv2%2Fcategories&post=29627"},{"taxonomy":"post_tag","embeddable":true,"href":"https:\/\/encuentroinformativo.com.mx\/index.php?rest_route=%2Fwp%2Fv2%2Ftags&post=29627"}],"curies":[{"name":"wp","href":"https:\/\/api.w.org\/{rel}","templated":true}]}}