{"id":29632,"date":"2022-07-21T10:46:03","date_gmt":"2022-07-21T15:46:03","guid":{"rendered":"https:\/\/encuentroinformativo.com.mx\/?p=29632"},"modified":"2022-07-21T10:46:07","modified_gmt":"2022-07-21T15:46:07","slug":"inflacion-sigue-afectando-a-familias-veracruzanas-cadena","status":"publish","type":"post","link":"https:\/\/encuentroinformativo.com.mx\/?p=29632","title":{"rendered":"Inflaci\u00f3n sigue afectando a familias veracruzanas: Cadena"},"content":{"rendered":"\n<p>Xalapa, Ver.- El presidente de la Direcci\u00f3n Estatal Ejecutiva del PRD en Veracruz, Sergio Cadena Mart\u00ednez, recrimin\u00f3 al Gobierno del Estado su falta de actuar ante los problemas econ\u00f3micos que padecen hoy en d\u00eda los veracruzanos.<\/p>\n\n\n\n<p>Indic\u00f3 que hoy en d\u00eda la carest\u00eda sigue agobiando a las amas de casa que ya no encuentran la salida en su diario batallar por la alimentaci\u00f3n y bienestar de sus familias, esto, luego del aumento en productos b\u00e1sicos.<\/p>\n\n\n\n<p>Expres\u00f3 que el salario m\u00ednimo que ganan miles de trabajadores en Veracruz no alcanza y lo m\u00e1s grave es que las familias necesitar\u00edan ingresos de hasta tres salarios m\u00ednimos para recuperar su capacidad adquisitiva, perdida en los \u00faltimos meses.<\/p>\n\n\n\n<p>\u201cEl Paquete Contra la Inflaci\u00f3n y la Carest\u00eda que present\u00f3 el gobierno de la 4T a inicios del mes de mayo pasado, fue otra m\u00e1s de sus muchas mentiras y ocurrencias. El gobierno no se preocupa en atender esta realidad y se justifica con la pandemia o las herencias del pasado, mientras la econom\u00eda familiar se hunde\u201d.<\/p>\n\n\n\n<p>Cadena Mart\u00ednez record\u00f3 que el cierre de negocios ya es una constante y con estos los despidos de trabajadores, por lo que la carest\u00eda est\u00e1 afectando, de tal manera que el descontento de la poblaci\u00f3n crece y la crisis social aumenta con las mentiras del gobierno.<\/p>\n\n\n\n<p>\u201cEl gobernador no para en ocurrencias aparte de chapear camellones, repartir peri\u00f3dicos, sembrar pichurrientas hortalizas, ahora desperdicia su tiempo y el de su gabinete en armarle eventos a su pre candidata, que por cierto no es nativa de Veracruz\u201d.<\/p>\n\n\n\n<p>Por \u00faltimo, resalt\u00f3 que los ciudadanos est\u00e1n listos para hacer el cambio en el proceso electoral del 2024.<\/p>\n\n\n\n<p>\u00a1En Veracruz pronto habr\u00e1 un nuevo amanecer!<\/p>\n","protected":false},"excerpt":{"rendered":"<p>Xalapa, Ver.- El presidente de la Direcci\u00f3n Estatal Ejecutiva del PRD en Veracruz, Sergio Cadena Mart\u00ednez, recrimin\u00f3 al Gobierno del Estado su falta de actuar ante los problemas econ\u00f3micos que padecen hoy en d\u00eda los veracruzanos. Indic\u00f3 que hoy en d\u00eda la carest\u00eda sigue agobiando a las amas de casa que ya no encuentran la [&hellip;]<\/p>\n","protected":false},"author":1,"featured_media":29633,"comment_status":"open","ping_status":"open","sticky":false,"template":"","format":"standard","meta":{"_jetpack_memberships_contains_paid_content":false,"footnotes":""},"categories":[2],"tags":[],"class_list":["post-29632","post","type-post","status-publish","format-standard","has-post-thumbnail","hentry","category-estado"],"jetpack_featured_media_url":"https:\/\/encuentroinformativo.com.mx\/wp-content\/uploads\/2022\/07\/BEAD1384-3C24-44B3-915F-2A0510249AC8.jpeg","jetpack_sharing_enabled":true,"jetpack_likes_enabled":true,"amp_enabled":true,"_links":{"self":[{"href":"https:\/\/encuentroinformativo.com.mx\/index.php?rest_route=\/wp\/v2\/posts\/29632","targetHints":{"allow":["GET"]}}],"collection":[{"href":"https:\/\/encuentroinformativo.com.mx\/index.php?rest_route=\/wp\/v2\/posts"}],"about":[{"href":"https:\/\/encuentroinformativo.com.mx\/index.php?rest_route=\/wp\/v2\/types\/post"}],"author":[{"embeddable":true,"href":"https:\/\/encuentroinformativo.com.mx\/index.php?rest_route=\/wp\/v2\/users\/1"}],"replies":[{"embeddable":true,"href":"https:\/\/encuentroinformativo.com.mx\/index.php?rest_route=%2Fwp%2Fv2%2Fcomments&post=29632"}],"version-history":[{"count":1,"href":"https:\/\/encuentroinformativo.com.mx\/index.php?rest_route=\/wp\/v2\/posts\/29632\/revisions"}],"predecessor-version":[{"id":29634,"href":"https:\/\/encuentroinformativo.com.mx\/index.php?rest_route=\/wp\/v2\/posts\/29632\/revisions\/29634"}],"wp:featuredmedia":[{"embeddable":true,"href":"https:\/\/encuentroinformativo.com.mx\/index.php?rest_route=\/wp\/v2\/media\/29633"}],"wp:attachment":[{"href":"https:\/\/encuentroinformativo.com.mx\/index.php?rest_route=%2Fwp%2Fv2%2Fmedia&parent=29632"}],"wp:term":[{"taxonomy":"category","embeddable":true,"href":"https:\/\/encuentroinformativo.com.mx\/index.php?rest_route=%2Fwp%2Fv2%2Fcategories&post=29632"},{"taxonomy":"post_tag","embeddable":true,"href":"https:\/\/encuentroinformativo.com.mx\/index.php?rest_route=%2Fwp%2Fv2%2Ftags&post=29632"}],"curies":[{"name":"wp","href":"https:\/\/api.w.org\/{rel}","templated":true}]}}