{"id":29639,"date":"2022-07-21T11:07:11","date_gmt":"2022-07-21T16:07:11","guid":{"rendered":"https:\/\/encuentroinformativo.com.mx\/?p=29639"},"modified":"2022-07-21T11:07:14","modified_gmt":"2022-07-21T16:07:14","slug":"alta-expectativa-para-temporada-de-verano-en-veracruz-cometur","status":"publish","type":"post","link":"https:\/\/encuentroinformativo.com.mx\/?p=29639","title":{"rendered":"Alta expectativa para temporada de verano en Veracruz: COMETUR"},"content":{"rendered":"\n<p><strong>Alejandro \u00c1vila<\/strong><\/p>\n\n\n\n<p>Veracruz, Ver.- Gracias a la promoci\u00f3n a nivel nacional del Festival de Velas y el Carnaval, se volvi\u00f3 a hablar de Veracruz, por lo que se espera una alta expectativa durante la temporada de verano 2022, manifest\u00f3 el presidente del Consejo Metropolitano de Turismo (COMETUR), Sergio Lois Heredia.<\/p>\n\n\n\n<p>Esta temporada qu\u00e9 es la m\u00e1s larga, pues dura aproximadamente un mes y medio, tendr\u00e1 sus picos de venta durante los fines de semana, dijo el empresario del ramo tur\u00edstico.<\/p>\n\n\n\n<p>&#8220;Es tener alrededor de un 60 por ciento, 65, promedio de ocupaci\u00f3n todos los d\u00edas, tal vez m\u00e1s acentuado hacia los fines de semana que creemos que vamos a tener buenas ocupaciones, incluso podemos llegar a tener llenos&#8221;, subray\u00f3.<\/p>\n\n\n\n<p>Lois Heredia aclar\u00f3 que, diferencia de otras \u00e9pocas del a\u00f1o, el flujo de visitantes no se note tanto, es decir, no exista aglomeraciones; sin embargo, esto no quiere decir que no exista buena afluencia tur\u00edstica.<\/p>\n\n\n\n<p>&#8220;Siempre es importante tener cosas que hacer, tanto en fines de semana como entre semana, incluso en temporadas bajas, yo creo que en estas fechas s\u00ed van a darse algunas actividades, algunas cosas que hacer. Yo creo que lo que ayud\u00f3 a impulsar esta temporada alta, fue mucho los festivales que se hicieron, s\u00ed hubo mucha afluencia, pero tambi\u00e9n importante que se habl\u00f3 de Veracruz previo a la temporada alta&#8221;, culmin\u00f3.<\/p>\n\n\n\n<p>Los visitantes de la zona centro del pa\u00eds como, Ciudad de M\u00e9xico, Estado de M\u00e9xico, Puebla y Tlaxcala, son los m\u00e1s comunes durante esta temporada vacacional en Veracruz.<\/p>\n","protected":false},"excerpt":{"rendered":"<p>Alejandro \u00c1vila Veracruz, Ver.- Gracias a la promoci\u00f3n a nivel nacional del Festival de Velas y el Carnaval, se volvi\u00f3 a hablar de Veracruz, por lo que se espera una alta expectativa durante la temporada de verano 2022, manifest\u00f3 el presidente del Consejo Metropolitano de Turismo (COMETUR), Sergio Lois Heredia. Esta temporada qu\u00e9 es la [&hellip;]<\/p>\n","protected":false},"author":1,"featured_media":29640,"comment_status":"open","ping_status":"open","sticky":false,"template":"","format":"standard","meta":{"_jetpack_memberships_contains_paid_content":false,"footnotes":""},"categories":[2],"tags":[],"class_list":["post-29639","post","type-post","status-publish","format-standard","has-post-thumbnail","hentry","category-estado"],"jetpack_featured_media_url":"https:\/\/encuentroinformativo.com.mx\/wp-content\/uploads\/2022\/07\/E60F05EC-54C8-4963-AFFF-03FEA4720A38.jpeg","jetpack_sharing_enabled":true,"jetpack_likes_enabled":true,"amp_enabled":true,"_links":{"self":[{"href":"https:\/\/encuentroinformativo.com.mx\/index.php?rest_route=\/wp\/v2\/posts\/29639","targetHints":{"allow":["GET"]}}],"collection":[{"href":"https:\/\/encuentroinformativo.com.mx\/index.php?rest_route=\/wp\/v2\/posts"}],"about":[{"href":"https:\/\/encuentroinformativo.com.mx\/index.php?rest_route=\/wp\/v2\/types\/post"}],"author":[{"embeddable":true,"href":"https:\/\/encuentroinformativo.com.mx\/index.php?rest_route=\/wp\/v2\/users\/1"}],"replies":[{"embeddable":true,"href":"https:\/\/encuentroinformativo.com.mx\/index.php?rest_route=%2Fwp%2Fv2%2Fcomments&post=29639"}],"version-history":[{"count":1,"href":"https:\/\/encuentroinformativo.com.mx\/index.php?rest_route=\/wp\/v2\/posts\/29639\/revisions"}],"predecessor-version":[{"id":29641,"href":"https:\/\/encuentroinformativo.com.mx\/index.php?rest_route=\/wp\/v2\/posts\/29639\/revisions\/29641"}],"wp:featuredmedia":[{"embeddable":true,"href":"https:\/\/encuentroinformativo.com.mx\/index.php?rest_route=\/wp\/v2\/media\/29640"}],"wp:attachment":[{"href":"https:\/\/encuentroinformativo.com.mx\/index.php?rest_route=%2Fwp%2Fv2%2Fmedia&parent=29639"}],"wp:term":[{"taxonomy":"category","embeddable":true,"href":"https:\/\/encuentroinformativo.com.mx\/index.php?rest_route=%2Fwp%2Fv2%2Fcategories&post=29639"},{"taxonomy":"post_tag","embeddable":true,"href":"https:\/\/encuentroinformativo.com.mx\/index.php?rest_route=%2Fwp%2Fv2%2Ftags&post=29639"}],"curies":[{"name":"wp","href":"https:\/\/api.w.org\/{rel}","templated":true}]}}