{"id":2964,"date":"2020-06-01T13:22:53","date_gmt":"2020-06-01T18:22:53","guid":{"rendered":"https:\/\/encuentroinformativo.com\/?p=2964"},"modified":"2020-06-02T00:35:49","modified_gmt":"2020-06-02T05:35:49","slug":"grafitean-iglesia-de-san-jose","status":"publish","type":"post","link":"https:\/\/encuentroinformativo.com.mx\/?p=2964","title":{"rendered":"Grafitean iglesia de San Jos\u00e9"},"content":{"rendered":"\n<p><strong>Dar\u00edo Pale <\/strong><\/p>\n\n\n\n<p>Xalapa, Ver.- Desafortunadamente personas que se oponen a la protecci\u00f3n de la vida desde el momento de la fecundaci\u00f3n y a las ense\u00f1anzas en general de la iglesia cat\u00f3lica atacaron la parroquia de San Jos\u00e9 ya que amaneci\u00f3 hoy con varias pintas.<\/p>\n\n\n\n<p>En su cuenta de redes sociales el padre Jos\u00e9 Juan S\u00e1nchez J\u00e1come, p\u00e1rroco del mencionado templo cat\u00f3lico expres\u00f3: \u201cDe manera cobarde y como act\u00faan estos grupos -en la oscuridad y con violencia- nos rayaron la Iglesia. Duele tanto porque es la Casa de Dios y de los hermanos. Pero seguiremos hablando a la luz del d\u00eda para defender la vida y la familia. Siempre en contra del aborto y de los pol\u00edticos que traicionan los valores del pueblo ensuci\u00e1ndose las manos con sangre inocente\u201d.<\/p>\n\n\n\n<p>Los grafitis pueden verse sobre la calle Xalape\u00f1os Ilustres y en su mayor parte se encuentran sobre la calle Cuauht\u00e9moc.<\/p>\n\n\n\n<p>Las pintas fueron realizadas con pintura de color roja y verde dicen: \u201cAborto legal\u201d, \u201cNo a la obediencia\u201d, \u201cAborten\u201d, \u201cLa polic\u00eda no me cuida, nos viola Acab\u201d. Entre los grafitis aparece el s\u00edmbolo de la mujer.<\/p>\n\n\n\n<p>Los comentarios hechos a la publicaci\u00f3n del sacerdote expresan indignaci\u00f3n por el hecho. Entre ellos se encuentran los siguientes:&nbsp;<br>\u00a1Qu\u00e9 infamia! Esa gente tendr\u00e1 su castigo padre Jos\u00e9 Juan, si no en esta vida en la otra. As\u00ed act\u00faan esas ratas, en la oscuridad y a escondidas para que nadie se d\u00e9 cuenta, de lo contrario ser\u00edan denunciados.<\/p>\n\n\n\n<p>Es una dura lucha la de nuestra iglesia contra el aborto y todo lo que atente contra la vida del ser humano. El demonio no descansa en su labor destructiva pero jam\u00e1s podr\u00e1 destruir a nuestra Iglesia, promesa de nuestro Se\u00f1or Jesucristo. Estamos con usted padre, saludos.<\/p>\n\n\n\n<p>Ang\u00e9lica Josefina Salazar Ronz\u00f3n: Lamentable actitud, no conocen el amor y la responsabilidad que ello trae, en el pecado est\u00e1 la penitencia, pobre gente que no se sienten amados.<\/p>\n\n\n\n<p>Pau Hdez: Dios los bendiga a cada una de esos hermanos que no encuentran consuelo ni satisfacci\u00f3n en esta vida porque les hace falta el amor de dios y este es el reflejo de su miedo seguimos en oraci\u00f3n, que tengan un excelente d\u00eda.<\/p>\n\n\n\n<p>Huski Huski: Lamentable que sean as\u00ed de cobardes pero como no encuentran la verdad ni nadie avala su ley por eso lo hacen porque la ley de Dios es perfecta y dice No Matar\u00e1s.\u00a0<\/p>\n\n\n\n<p>La Iglesia de San Jos\u00e9 es la m\u00e1s antigua de Xalapa. Inici\u00f3 su construcci\u00f3n en 1535. Se termin\u00f3 de construir en 1770. La construcci\u00f3n de este templo inici\u00f3 en la primera \u00e9poca del virreinato, pero no fue sino hasta el siglo XVIII cuando se levant\u00f3 el templo como actualmente se conoce.<\/p>\n\n\n\n<figure class=\"wp-block-gallery columns-2 is-cropped wp-block-gallery-1 is-layout-flex wp-block-gallery-is-layout-flex\"><ul class=\"blocks-gallery-grid\"><li class=\"blocks-gallery-item\"><figure><img loading=\"lazy\" decoding=\"async\" width=\"1024\" height=\"575\" src=\"https:\/\/encuentroinformativo.com.mx\/wp-content\/uploads\/2020\/06\/88A4695B-74B0-4B9B-A92A-D0AFD326AD1B-1024x575.jpeg\" alt=\"\" data-id=\"2961\" data-full-url=\"https:\/\/encuentroinformativo.com.mx\/wp-content\/uploads\/2020\/06\/88A4695B-74B0-4B9B-A92A-D0AFD326AD1B.jpeg\" data-link=\"https:\/\/encuentroinformativo.com.mx\/?attachment_id=2961\" class=\"wp-image-2961\" srcset=\"https:\/\/encuentroinformativo.com.mx\/wp-content\/uploads\/2020\/06\/88A4695B-74B0-4B9B-A92A-D0AFD326AD1B-1024x575.jpeg 1024w, https:\/\/encuentroinformativo.com.mx\/wp-content\/uploads\/2020\/06\/88A4695B-74B0-4B9B-A92A-D0AFD326AD1B-300x169.jpeg 300w, https:\/\/encuentroinformativo.com.mx\/wp-content\/uploads\/2020\/06\/88A4695B-74B0-4B9B-A92A-D0AFD326AD1B-768x431.jpeg 768w, https:\/\/encuentroinformativo.com.mx\/wp-content\/uploads\/2020\/06\/88A4695B-74B0-4B9B-A92A-D0AFD326AD1B.jpeg 1280w\" sizes=\"auto, (max-width: 1024px) 100vw, 1024px\" \/><\/figure><\/li><li class=\"blocks-gallery-item\"><figure><img loading=\"lazy\" decoding=\"async\" width=\"1024\" height=\"575\" src=\"https:\/\/encuentroinformativo.com.mx\/wp-content\/uploads\/2020\/06\/31CE42FB-3E04-48C8-8782-DC72B242CF11-1024x575.jpeg\" alt=\"\" data-id=\"2962\" data-full-url=\"https:\/\/encuentroinformativo.com.mx\/wp-content\/uploads\/2020\/06\/31CE42FB-3E04-48C8-8782-DC72B242CF11.jpeg\" data-link=\"https:\/\/encuentroinformativo.com.mx\/?attachment_id=2962\" class=\"wp-image-2962\" srcset=\"https:\/\/encuentroinformativo.com.mx\/wp-content\/uploads\/2020\/06\/31CE42FB-3E04-48C8-8782-DC72B242CF11-1024x575.jpeg 1024w, https:\/\/encuentroinformativo.com.mx\/wp-content\/uploads\/2020\/06\/31CE42FB-3E04-48C8-8782-DC72B242CF11-300x169.jpeg 300w, https:\/\/encuentroinformativo.com.mx\/wp-content\/uploads\/2020\/06\/31CE42FB-3E04-48C8-8782-DC72B242CF11-768x431.jpeg 768w, https:\/\/encuentroinformativo.com.mx\/wp-content\/uploads\/2020\/06\/31CE42FB-3E04-48C8-8782-DC72B242CF11.jpeg 1280w\" sizes=\"auto, (max-width: 1024px) 100vw, 1024px\" \/><\/figure><\/li><\/ul><\/figure>\n","protected":false},"excerpt":{"rendered":"<p>Dar\u00edo Pale Xalapa, Ver.- Desafortunadamente personas que se oponen a la protecci\u00f3n de la vida desde el momento de la fecundaci\u00f3n y a las ense\u00f1anzas en general de la iglesia cat\u00f3lica atacaron la parroquia de San Jos\u00e9 ya que amaneci\u00f3 hoy con varias pintas. En su cuenta de redes sociales el padre Jos\u00e9 Juan S\u00e1nchez [&hellip;]<\/p>\n","protected":false},"author":1,"featured_media":2960,"comment_status":"open","ping_status":"open","sticky":false,"template":"","format":"standard","meta":{"_jetpack_memberships_contains_paid_content":false,"footnotes":""},"categories":[3],"tags":[],"class_list":["post-2964","post","type-post","status-publish","format-standard","has-post-thumbnail","hentry","category-xalapa"],"jetpack_featured_media_url":"https:\/\/encuentroinformativo.com.mx\/wp-content\/uploads\/2020\/06\/9C17D0E0-0B2A-478C-910C-5F4A6ACF0F06.jpeg","jetpack_sharing_enabled":true,"jetpack_likes_enabled":true,"amp_enabled":true,"_links":{"self":[{"href":"https:\/\/encuentroinformativo.com.mx\/index.php?rest_route=\/wp\/v2\/posts\/2964","targetHints":{"allow":["GET"]}}],"collection":[{"href":"https:\/\/encuentroinformativo.com.mx\/index.php?rest_route=\/wp\/v2\/posts"}],"about":[{"href":"https:\/\/encuentroinformativo.com.mx\/index.php?rest_route=\/wp\/v2\/types\/post"}],"author":[{"embeddable":true,"href":"https:\/\/encuentroinformativo.com.mx\/index.php?rest_route=\/wp\/v2\/users\/1"}],"replies":[{"embeddable":true,"href":"https:\/\/encuentroinformativo.com.mx\/index.php?rest_route=%2Fwp%2Fv2%2Fcomments&post=2964"}],"version-history":[{"count":2,"href":"https:\/\/encuentroinformativo.com.mx\/index.php?rest_route=\/wp\/v2\/posts\/2964\/revisions"}],"predecessor-version":[{"id":2990,"href":"https:\/\/encuentroinformativo.com.mx\/index.php?rest_route=\/wp\/v2\/posts\/2964\/revisions\/2990"}],"wp:featuredmedia":[{"embeddable":true,"href":"https:\/\/encuentroinformativo.com.mx\/index.php?rest_route=\/wp\/v2\/media\/2960"}],"wp:attachment":[{"href":"https:\/\/encuentroinformativo.com.mx\/index.php?rest_route=%2Fwp%2Fv2%2Fmedia&parent=2964"}],"wp:term":[{"taxonomy":"category","embeddable":true,"href":"https:\/\/encuentroinformativo.com.mx\/index.php?rest_route=%2Fwp%2Fv2%2Fcategories&post=2964"},{"taxonomy":"post_tag","embeddable":true,"href":"https:\/\/encuentroinformativo.com.mx\/index.php?rest_route=%2Fwp%2Fv2%2Ftags&post=2964"}],"curies":[{"name":"wp","href":"https:\/\/api.w.org\/{rel}","templated":true}]}}